{"id":94101,"date":"2026-03-14T14:14:53","date_gmt":"2026-03-14T11:14:53","guid":{"rendered":"https:\/\/www.egemtv.com\/?p=94101"},"modified":"2026-03-14T14:14:54","modified_gmt":"2026-03-14T11:14:54","slug":"cemil-tugaydan-saglik-emekcilerine-tesekkur","status":"publish","type":"post","link":"https:\/\/www.egemtv.com\/?p=94101","title":{"rendered":"Cemil Tugay\u2019dan sa\u011fl\u0131k emek\u00e7ilerine te\u015fekk\u00fcr"},"content":{"rendered":"<p>\u0130zmir B\u00fcy\u00fck\u015fehir Belediye Ba\u015fkan\u0131 Cemil Tugay, 14 Mart T\u0131p Bayram\u0131 nedeniyle \u0130zmir Tabip Odas\u0131\u2019n\u0131 ziyaret ederek hekimlerin ve sa\u011fl\u0131k \u00e7al\u0131\u015fanlar\u0131n\u0131n toplum i\u00e7in \u00fcstlendi\u011fi hayati sorumlulu\u011fa dikkat \u00e7ekti. Tugay, &#8220;Sa\u011fl\u0131k \u00e7al\u0131\u015fanlar\u0131n\u0131n eme\u011fi her zaman takdiri hak ediyor&#8221; dedi.<br \/>\n<br \/>\u0130zmir B\u00fcy\u00fck\u015fehir Belediye Ba\u015fkan\u0131 Cemil Tugay, 14 Mart T\u0131p Bayram\u0131 dolay\u0131s\u0131yla \u0130zmir Tabip Odas\u0131 Ba\u015fkan\u0131 Dr. Fahri Y\u00fcce Ayhan ve y\u00f6netim kurulu \u00fcyelerini ziyaret etti. Ziyarette Ba\u015fkan Tugay\u2019a \u0130zmir B\u00fcy\u00fck\u015fehir Belediyesi Genel Sekreter Yard\u0131mc\u0131s\u0131 Prof. Dr. P\u0131nar Okyay, Sa\u011fl\u0131k \u0130\u015fleri Dairesi Ba\u015fkan\u0131 Ahmet Soner Emre ve E\u015frefpa\u015fa Hastanesi Ba\u015fhekimi Do\u00e7. Dr. Ba\u015fak Bayram e\u015flik etti.<\/p>\n<p>&#8220;Me\u015fakkatli bir yolculuk&#8221;<br \/>\n<br \/>\u0130zmir Tabip Odas\u0131\u2019n\u0131 ziyaret etmekten onur duydu\u011funu belirten Ba\u015fkan Tugay, 14 Mart T\u0131p Bayram\u0131\u2019n\u0131n sa\u011fl\u0131k alan\u0131ndaki sorunlar\u0131n konu\u015fuldu\u011fu bir g\u00fcn oldu\u011funa dikkat \u00e7ekti ve hekimlik mesle\u011finin \u00f6nemine vurgu yapt\u0131. Tugay, &#8220;Ne kadar zorluk olursa olsun, ne kadar s\u0131k\u0131nt\u0131 ve problem ya\u015fansa da hekimlik \u00e7ok onurlu bir meslek. Ayn\u0131 zamanda \u00e7ok me\u015fakkatli bir yolculuk. Bu nedenle hekimler, her zaman \u00f6zellikle b\u00f6yle g\u00fcnlerde takdir edilmeli ve yapt\u0131klar\u0131 her \u015fey i\u00e7in te\u015fekk\u00fcr edilmeli&#8221; dedi.<\/p>\n<p>&#8220;Vazge\u00e7meyece\u011fiz ve yenilmeyece\u011fiz&#8221;<br \/>\n<br \/>Sa\u011fl\u0131k emek\u00e7ilerinin her \u015fartlarda sorumluluklar\u0131n\u0131 s\u00fcrd\u00fcrd\u00fc\u011f\u00fcn\u00fc belirten Tugay, T\u00fcrkiye\u2019nin daha iyi bir noktaya gelmesi i\u00e7in verilen m\u00fccadelenin devam edece\u011fini s\u00f6yledi. Tugay, &#8220;Vazge\u00e7meyece\u011fiz. O nedenle yenilmeyece\u011fiz. M\u00fccadele etmeden hi\u00e7bir \u015fey olmuyor. Biz \u00e7al\u0131\u015fa \u00e7al\u0131\u015fa bug\u00fcnlere geldik ve \u00e7al\u0131\u015fmaya devam edece\u011fiz. Sizlerin deste\u011fine her zaman ihtiyac\u0131m\u0131z var. Hekimlik camias\u0131n\u0131n, Tabip Odas\u0131n\u0131n varl\u0131\u011f\u0131ndan g\u00fc\u00e7 ald\u0131\u011f\u0131n\u0131 biliyorum. Ne zaman ba\u015f\u0131m\u0131za bir \u015fey gelse Tabip Odas\u0131na ko\u015ftururuz. O y\u00fczden emek verenlere de \u00e7ok te\u015fekk\u00fcrler. 14 Mart T\u0131p Bayram\u0131 kutlu olsun. Yapt\u0131\u011f\u0131n\u0131z her \u015fey i\u00e7in tekrar tekrar te\u015fekk\u00fcr ediyorum&#8221; dedi.<\/p>\n<p>&#8220;\u0130zmir i\u00e7in bu kadrolar\u0131n bir fark olu\u015fturdu\u011funu g\u00f6r\u00fcyoruz&#8221;<br \/>\n<br \/>\u0130zmir Tabip Odas\u0131 Ba\u015fkan\u0131 Dr. Fahri Y\u00fcce Ayhan ise ziyaretten dolay\u0131 Ba\u015fkan Tugay ve ekibine te\u015fekk\u00fcr etti. \u0130zmir B\u00fcy\u00fck\u015fehir Belediyesi ile kurumsal ili\u015fkiler y\u00fcr\u00fctt\u00fcklerini ifade eden Ayhan,   &#8220;\u0130zmir i\u00e7in bu kadrolar\u0131n bir fark olu\u015fturdu\u011funu biz de g\u00f6r\u00fcyoruz. Umuyorum \u0130zmir ad\u0131na her \u015fey daha iyi olacak. Ayn\u0131 umudu besleyerek daha iyi g\u00fcnlerde, daha iyi bir T\u00fcrkiye\u2019de, daha iyi bir \u0130zmir\u2019de hep birlikte ya\u015famaya, \u00e7al\u0131\u015fmaya devam edece\u011fiz&#8221; dedi.<br \/><\/p>\n","protected":false},"excerpt":{"rendered":"<p>\u0130zmir B\u00fcy\u00fck\u015fehir Belediye Ba\u015fkan\u0131 Cemil Tugay, 14 Mart T\u0131p Bayram\u0131 nedeniyle \u0130zmir Tabip Odas\u0131\u2019n\u0131 ziyaret ederek hekimlerin ve sa\u011fl\u0131k \u00e7al\u0131\u015fanlar\u0131n\u0131n toplum i\u00e7in \u00fcstlendi\u011fi hayati sorumlulu\u011fa dikkat \u00e7ekti. Tugay, &#8220;Sa\u011fl\u0131k \u00e7al\u0131\u015fanlar\u0131n\u0131n eme\u011fi her zaman takdiri hak ediyor&#8221; dedi. \u0130zmir B\u00fcy\u00fck\u015fehir Belediye Ba\u015fkan\u0131 Cemil Tugay, 14 Mart T\u0131p Bayram\u0131 dolay\u0131s\u0131yla \u0130zmir Tabip Odas\u0131 Ba\u015fkan\u0131 Dr. Fahri Y\u00fcce&#8230;<\/p>\n","protected":false},"author":1,"featured_media":94102,"comment_status":"open","ping_status":"open","sticky":false,"template":"","format":"standard","meta":{"_crdt_document":"","footnotes":""},"categories":[1],"tags":[],"class_list":["post-94101","post","type-post","status-publish","format-standard","has-post-thumbnail","hentry","category-guncel"],"_links":{"self":[{"href":"https:\/\/www.egemtv.com\/index.php?rest_route=\/wp\/v2\/posts\/94101","targetHints":{"allow":["GET"]}}],"collection":[{"href":"https:\/\/www.egemtv.com\/index.php?rest_route=\/wp\/v2\/posts"}],"about":[{"href":"https:\/\/www.egemtv.com\/index.php?rest_route=\/wp\/v2\/types\/post"}],"author":[{"embeddable":true,"href":"https:\/\/www.egemtv.com\/index.php?rest_route=\/wp\/v2\/users\/1"}],"replies":[{"embeddable":true,"href":"https:\/\/www.egemtv.com\/index.php?rest_route=%2Fwp%2Fv2%2Fcomments&post=94101"}],"version-history":[{"count":1,"href":"https:\/\/www.egemtv.com\/index.php?rest_route=\/wp\/v2\/posts\/94101\/revisions"}],"predecessor-version":[{"id":94103,"href":"https:\/\/www.egemtv.com\/index.php?rest_route=\/wp\/v2\/posts\/94101\/revisions\/94103"}],"wp:featuredmedia":[{"embeddable":true,"href":"https:\/\/www.egemtv.com\/index.php?rest_route=\/wp\/v2\/media\/94102"}],"wp:attachment":[{"href":"https:\/\/www.egemtv.com\/index.php?rest_route=%2Fwp%2Fv2%2Fmedia&parent=94101"}],"wp:term":[{"taxonomy":"category","embeddable":true,"href":"https:\/\/www.egemtv.com\/index.php?rest_route=%2Fwp%2Fv2%2Fcategories&post=94101"},{"taxonomy":"post_tag","embeddable":true,"href":"https:\/\/www.egemtv.com\/index.php?rest_route=%2Fwp%2Fv2%2Ftags&post=94101"}],"curies":[{"name":"wp","href":"https:\/\/api.w.org\/{rel}","templated":true}]}}