{"id":94098,"date":"2026-03-14T13:55:00","date_gmt":"2026-03-14T10:55:00","guid":{"rendered":"https:\/\/www.egemtv.com\/?p=94098"},"modified":"2026-03-14T13:55:02","modified_gmt":"2026-03-14T10:55:02","slug":"gelecegin-medya-calisanlari-sektor-temsilcileriyle-bulustu","status":"publish","type":"post","link":"https:\/\/www.egemtv.com\/?p=94098","title":{"rendered":"Gelece\u011fin medya \u00e7al\u0131\u015fanlar\u0131 sekt\u00f6r temsilcileriyle bulu\u015ftu"},"content":{"rendered":"<p>Ayd\u0131n Mesleki ve Teknik Anadolu Lisesi\u2019nde ger\u00e7ekle\u015ftirilen Kariyer Haftas\u0131 etkinli\u011finde gelece\u011fin medya \u00e7al\u0131\u015fanlar\u0131, gazetecilerle bir araya gelerek hem merak ettikleri sorulara yan\u0131t buldu hem de mesle\u011fin saha deneyimlerini dinledi.<br \/>\n<br \/>Ayd\u0131n Mesleki ve Teknik Anadolu Lisesi\u2019nde alan \u015fefleri ve rehberlik servisinin i\u015f birli\u011finde Kariyer Haftas\u0131 etkinli\u011fi ger\u00e7ekle\u015ftirildi. Etkinlik kapsam\u0131nda Radyo Televizyon ile Bili\u015fim Teknolojileri alan\u0131 \u00f6\u011frencileri sekt\u00f6r temsilcileriyle bir araya geldi. \u00d6\u011frencilerin mesleki geli\u015fimlerine katk\u0131 sa\u011flamak ve sekt\u00f6re dair bilgi edinmelerini ama\u00e7layan etkinlik \u00e7er\u00e7evesinde s\u00f6yle\u015fi program\u0131 d\u00fczenlendi. Programda \u0130hlas Haber Ajans\u0131 (\u0130HA) Ayd\u0131n B\u00f6lge M\u00fcd\u00fcr\u00fc \u0130brahim K\u0131l\u0131n\u00e7, \u0130HA Ayd\u0131n Muhabiri U\u011fur Eser ve foto\u011fraf\u00e7\u0131 Mehmet Aksoy \u00f6\u011frencilerle bulu\u015ftu. S\u00f6yle\u015fide, gazetecilik mesle\u011finin sahadaki \u00e7al\u0131\u015fma \u015fartlar\u0131, haber \u00fcretim s\u00fcre\u00e7leri ve medya sekt\u00f6r\u00fcndeki geli\u015fmeler hakk\u0131nda bilgiler payla\u015f\u0131ld\u0131. \u00d6\u011frenciler de merak ettikleri sorulara yan\u0131t bularak mesle\u011fe dair deneyimleri dinleme f\u0131rsat\u0131 buldu.<br \/><\/p>\n","protected":false},"excerpt":{"rendered":"<p>Ayd\u0131n Mesleki ve Teknik Anadolu Lisesi\u2019nde ger\u00e7ekle\u015ftirilen Kariyer Haftas\u0131 etkinli\u011finde gelece\u011fin medya \u00e7al\u0131\u015fanlar\u0131, gazetecilerle bir araya gelerek hem merak ettikleri sorulara yan\u0131t buldu hem de mesle\u011fin saha deneyimlerini dinledi. Ayd\u0131n Mesleki ve Teknik Anadolu Lisesi\u2019nde alan \u015fefleri ve rehberlik servisinin i\u015f birli\u011finde Kariyer Haftas\u0131 etkinli\u011fi ger\u00e7ekle\u015ftirildi. Etkinlik kapsam\u0131nda Radyo Televizyon ile Bili\u015fim Teknolojileri alan\u0131 \u00f6\u011frencileri&#8230;<\/p>\n","protected":false},"author":1,"featured_media":94099,"comment_status":"open","ping_status":"open","sticky":false,"template":"","format":"standard","meta":{"_crdt_document":"","footnotes":""},"categories":[1],"tags":[],"class_list":["post-94098","post","type-post","status-publish","format-standard","has-post-thumbnail","hentry","category-guncel"],"_links":{"self":[{"href":"https:\/\/www.egemtv.com\/index.php?rest_route=\/wp\/v2\/posts\/94098","targetHints":{"allow":["GET"]}}],"collection":[{"href":"https:\/\/www.egemtv.com\/index.php?rest_route=\/wp\/v2\/posts"}],"about":[{"href":"https:\/\/www.egemtv.com\/index.php?rest_route=\/wp\/v2\/types\/post"}],"author":[{"embeddable":true,"href":"https:\/\/www.egemtv.com\/index.php?rest_route=\/wp\/v2\/users\/1"}],"replies":[{"embeddable":true,"href":"https:\/\/www.egemtv.com\/index.php?rest_route=%2Fwp%2Fv2%2Fcomments&post=94098"}],"version-history":[{"count":1,"href":"https:\/\/www.egemtv.com\/index.php?rest_route=\/wp\/v2\/posts\/94098\/revisions"}],"predecessor-version":[{"id":94100,"href":"https:\/\/www.egemtv.com\/index.php?rest_route=\/wp\/v2\/posts\/94098\/revisions\/94100"}],"wp:featuredmedia":[{"embeddable":true,"href":"https:\/\/www.egemtv.com\/index.php?rest_route=\/wp\/v2\/media\/94099"}],"wp:attachment":[{"href":"https:\/\/www.egemtv.com\/index.php?rest_route=%2Fwp%2Fv2%2Fmedia&parent=94098"}],"wp:term":[{"taxonomy":"category","embeddable":true,"href":"https:\/\/www.egemtv.com\/index.php?rest_route=%2Fwp%2Fv2%2Fcategories&post=94098"},{"taxonomy":"post_tag","embeddable":true,"href":"https:\/\/www.egemtv.com\/index.php?rest_route=%2Fwp%2Fv2%2Ftags&post=94098"}],"curies":[{"name":"wp","href":"https:\/\/api.w.org\/{rel}","templated":true}]}}