{"id":94095,"date":"2026-03-14T13:54:59","date_gmt":"2026-03-14T10:54:59","guid":{"rendered":"https:\/\/www.egemtv.com\/?p=94095"},"modified":"2026-03-14T13:55:00","modified_gmt":"2026-03-14T10:55:00","slug":"fethiyede-sahil-bandinda-kacak-yapilar-yikiliyor","status":"publish","type":"post","link":"https:\/\/www.egemtv.com\/?p=94095","title":{"rendered":"Fethiye\u2019de sahil band\u0131nda ka\u00e7ak yap\u0131lar y\u0131k\u0131l\u0131yor"},"content":{"rendered":"<p>Mu\u011fla\u2019n\u0131n Fethiye il\u00e7esinde ikinci etap sahil band\u0131nda bulunan restoran ve kafelerin ka\u00e7ak olarak yap\u0131lan b\u00f6l\u00fcmleri i\u00e7in y\u0131k\u0131m \u00e7al\u0131\u015fmalar\u0131 ba\u015flat\u0131ld\u0131.<\/p>\n<p>Sahil band\u0131nda imara ayk\u0131r\u0131 oldu\u011fu tespit edilen b\u00f6l\u00fcmler i\u015f makineleri yard\u0131m\u0131yla kald\u0131r\u0131l\u0131yor. Sabah saatlerinde ba\u015flat\u0131lan \u00e7al\u0131\u015fmalarda, i\u015fletmelerin ruhsata uygun olmayan ek alanlar\u0131 tek tek y\u0131k\u0131larak imar mevzuat\u0131na uygun hale getiriliyor. B\u00f6lgede zab\u0131ta ekipleri de g\u00fcvenlik \u00f6nlemleri alarak \u00e7al\u0131\u015fmalara e\u015flik ediyor. Yap\u0131lan d\u00fczenlemeyle birlikte sahil band\u0131n\u0131n imar plan\u0131na uygun hale getirilmesi ve kamu kullan\u0131m\u0131na a\u00e7\u0131k alanlar\u0131n korunmas\u0131 ama\u00e7lan\u0131yor.<br \/><\/p>\n","protected":false},"excerpt":{"rendered":"<p>Mu\u011fla\u2019n\u0131n Fethiye il\u00e7esinde ikinci etap sahil band\u0131nda bulunan restoran ve kafelerin ka\u00e7ak olarak yap\u0131lan b\u00f6l\u00fcmleri i\u00e7in y\u0131k\u0131m \u00e7al\u0131\u015fmalar\u0131 ba\u015flat\u0131ld\u0131. Sahil band\u0131nda imara ayk\u0131r\u0131 oldu\u011fu tespit edilen b\u00f6l\u00fcmler i\u015f makineleri yard\u0131m\u0131yla kald\u0131r\u0131l\u0131yor. Sabah saatlerinde ba\u015flat\u0131lan \u00e7al\u0131\u015fmalarda, i\u015fletmelerin ruhsata uygun olmayan ek alanlar\u0131 tek tek y\u0131k\u0131larak imar mevzuat\u0131na uygun hale getiriliyor. B\u00f6lgede zab\u0131ta ekipleri de g\u00fcvenlik \u00f6nlemleri&#8230;<\/p>\n","protected":false},"author":1,"featured_media":94096,"comment_status":"open","ping_status":"open","sticky":false,"template":"","format":"standard","meta":{"_crdt_document":"","footnotes":""},"categories":[1],"tags":[],"class_list":["post-94095","post","type-post","status-publish","format-standard","has-post-thumbnail","hentry","category-guncel"],"_links":{"self":[{"href":"https:\/\/www.egemtv.com\/index.php?rest_route=\/wp\/v2\/posts\/94095","targetHints":{"allow":["GET"]}}],"collection":[{"href":"https:\/\/www.egemtv.com\/index.php?rest_route=\/wp\/v2\/posts"}],"about":[{"href":"https:\/\/www.egemtv.com\/index.php?rest_route=\/wp\/v2\/types\/post"}],"author":[{"embeddable":true,"href":"https:\/\/www.egemtv.com\/index.php?rest_route=\/wp\/v2\/users\/1"}],"replies":[{"embeddable":true,"href":"https:\/\/www.egemtv.com\/index.php?rest_route=%2Fwp%2Fv2%2Fcomments&post=94095"}],"version-history":[{"count":1,"href":"https:\/\/www.egemtv.com\/index.php?rest_route=\/wp\/v2\/posts\/94095\/revisions"}],"predecessor-version":[{"id":94097,"href":"https:\/\/www.egemtv.com\/index.php?rest_route=\/wp\/v2\/posts\/94095\/revisions\/94097"}],"wp:featuredmedia":[{"embeddable":true,"href":"https:\/\/www.egemtv.com\/index.php?rest_route=\/wp\/v2\/media\/94096"}],"wp:attachment":[{"href":"https:\/\/www.egemtv.com\/index.php?rest_route=%2Fwp%2Fv2%2Fmedia&parent=94095"}],"wp:term":[{"taxonomy":"category","embeddable":true,"href":"https:\/\/www.egemtv.com\/index.php?rest_route=%2Fwp%2Fv2%2Fcategories&post=94095"},{"taxonomy":"post_tag","embeddable":true,"href":"https:\/\/www.egemtv.com\/index.php?rest_route=%2Fwp%2Fv2%2Ftags&post=94095"}],"curies":[{"name":"wp","href":"https:\/\/api.w.org\/{rel}","templated":true}]}}