{"id":94092,"date":"2026-03-14T13:34:38","date_gmt":"2026-03-14T10:34:38","guid":{"rendered":"https:\/\/www.egemtv.com\/?p=94092"},"modified":"2026-03-14T13:34:39","modified_gmt":"2026-03-14T10:34:39","slug":"kurtulus-ihsan-kucukarslan-ortaokulunda-geleneksel-iftar-coskusu","status":"publish","type":"post","link":"https:\/\/www.egemtv.com\/?p=94092","title":{"rendered":"Kurtulu\u015f \u0130hsan K\u00fc\u00e7\u00fckarslan Ortaokulu\u2019nda geleneksel iftar co\u015fkusu"},"content":{"rendered":"<p>Afyonkarahisar \u015euhut Kurtulu\u015f \u0130hsan K\u00fc\u00e7\u00fckarslan Ortaokulu taraf\u0131ndan her y\u0131l geleneksel olarak d\u00fczenlenen iftar program\u0131 bu y\u0131l da yo\u011fun kat\u0131l\u0131mla ger\u00e7ekle\u015ftirildi.<br \/>\n<br \/>\u015euhut Belediyesi D\u00fc\u011f\u00fcn Salonu\u2019nda d\u00fczenlenen programa okul y\u00f6neticileri, \u00f6\u011fretmenler, \u00f6\u011frenciler ve okul \u00e7al\u0131\u015fanlar\u0131n\u0131n yan\u0131 s\u0131ra \u015euhut \u0130l\u00e7e Milli E\u011fitim M\u00fcd\u00fcrl\u00fc\u011f\u00fc temsilcileri de kat\u0131ld\u0131. Ramazan ay\u0131n\u0131n manevi atmosferinde ger\u00e7ekle\u015ftirilen programda birlik ve beraberlik duygular\u0131 \u00f6n plana \u00e7\u0131kt\u0131.<br \/>\n<br \/>Program kapsam\u0131nda Kur\u2019an-\u0131 Kerim tilaveti, ilahi ve \u015fiir dinletileri ger\u00e7ekle\u015ftirildi. \u00d6\u011frenciler taraf\u0131ndan haz\u0131rlanan etkinlikler kat\u0131l\u0131mc\u0131lar taraf\u0131ndan ilgiyle takip edilirken, program sonunda kat\u0131l\u0131mc\u0131lara \u00e7e\u015fitli hediyeler de da\u011f\u0131t\u0131ld\u0131.<br \/>\n<br \/>B\u00fcy\u00fck bir co\u015fku ve ne\u015fe i\u00e7erisinde ger\u00e7ekle\u015fen iftar program\u0131, Ramazan ay\u0131n\u0131n payla\u015fma ve dayan\u0131\u015fma ruhunu yans\u0131t\u0131rken okul ailesi aras\u0131ndaki birlik ve beraberli\u011fi de peki\u015ftirdi.<br \/>\n<br \/>Kurtulu\u015f \u0130hsan K\u00fc\u00e7\u00fckarslan Ortaokulu taraf\u0131ndan geleneksel olarak d\u00fczenlenen bu anlaml\u0131 bulu\u015fma, Ramazan ay\u0131n\u0131n manevi atmosferinde bir kez daha g\u00f6n\u00fclleri bir araya getirdi.<br \/><\/p>\n","protected":false},"excerpt":{"rendered":"<p>Afyonkarahisar \u015euhut Kurtulu\u015f \u0130hsan K\u00fc\u00e7\u00fckarslan Ortaokulu taraf\u0131ndan her y\u0131l geleneksel olarak d\u00fczenlenen iftar program\u0131 bu y\u0131l da yo\u011fun kat\u0131l\u0131mla ger\u00e7ekle\u015ftirildi. \u015euhut Belediyesi D\u00fc\u011f\u00fcn Salonu\u2019nda d\u00fczenlenen programa okul y\u00f6neticileri, \u00f6\u011fretmenler, \u00f6\u011frenciler ve okul \u00e7al\u0131\u015fanlar\u0131n\u0131n yan\u0131 s\u0131ra \u015euhut \u0130l\u00e7e Milli E\u011fitim M\u00fcd\u00fcrl\u00fc\u011f\u00fc temsilcileri de kat\u0131ld\u0131. Ramazan ay\u0131n\u0131n manevi atmosferinde ger\u00e7ekle\u015ftirilen programda birlik ve beraberlik duygular\u0131 \u00f6n plana&#8230;<\/p>\n","protected":false},"author":1,"featured_media":94093,"comment_status":"open","ping_status":"open","sticky":false,"template":"","format":"standard","meta":{"_crdt_document":"","footnotes":""},"categories":[1],"tags":[],"class_list":["post-94092","post","type-post","status-publish","format-standard","has-post-thumbnail","hentry","category-guncel"],"_links":{"self":[{"href":"https:\/\/www.egemtv.com\/index.php?rest_route=\/wp\/v2\/posts\/94092","targetHints":{"allow":["GET"]}}],"collection":[{"href":"https:\/\/www.egemtv.com\/index.php?rest_route=\/wp\/v2\/posts"}],"about":[{"href":"https:\/\/www.egemtv.com\/index.php?rest_route=\/wp\/v2\/types\/post"}],"author":[{"embeddable":true,"href":"https:\/\/www.egemtv.com\/index.php?rest_route=\/wp\/v2\/users\/1"}],"replies":[{"embeddable":true,"href":"https:\/\/www.egemtv.com\/index.php?rest_route=%2Fwp%2Fv2%2Fcomments&post=94092"}],"version-history":[{"count":1,"href":"https:\/\/www.egemtv.com\/index.php?rest_route=\/wp\/v2\/posts\/94092\/revisions"}],"predecessor-version":[{"id":94094,"href":"https:\/\/www.egemtv.com\/index.php?rest_route=\/wp\/v2\/posts\/94092\/revisions\/94094"}],"wp:featuredmedia":[{"embeddable":true,"href":"https:\/\/www.egemtv.com\/index.php?rest_route=\/wp\/v2\/media\/94093"}],"wp:attachment":[{"href":"https:\/\/www.egemtv.com\/index.php?rest_route=%2Fwp%2Fv2%2Fmedia&parent=94092"}],"wp:term":[{"taxonomy":"category","embeddable":true,"href":"https:\/\/www.egemtv.com\/index.php?rest_route=%2Fwp%2Fv2%2Fcategories&post=94092"},{"taxonomy":"post_tag","embeddable":true,"href":"https:\/\/www.egemtv.com\/index.php?rest_route=%2Fwp%2Fv2%2Ftags&post=94092"}],"curies":[{"name":"wp","href":"https:\/\/api.w.org\/{rel}","templated":true}]}}