{"id":94089,"date":"2026-03-14T13:34:36","date_gmt":"2026-03-14T10:34:36","guid":{"rendered":"https:\/\/www.egemtv.com\/?p=94089"},"modified":"2026-03-14T13:34:38","modified_gmt":"2026-03-14T10:34:38","slug":"suhutta-ramazan-bereketi-270-cocuga-giysi-yardimi-yapildi","status":"publish","type":"post","link":"https:\/\/www.egemtv.com\/?p=94089","title":{"rendered":"\u015euhut\u2019ta Ramazan bereketi: 270 \u00e7ocu\u011fa giysi yard\u0131m\u0131 yap\u0131ld\u0131"},"content":{"rendered":"<p>Afyonkarahisar\u2019\u0131n \u015euhut il\u00e7esinde Ramazan ay\u0131n\u0131n manevi atmosferi yard\u0131mla\u015fma ve dayan\u0131\u015fma ile ta\u00e7land\u0131.<br \/>\n<br \/>\u015euhut Dosteli Yard\u0131mla\u015fma ve Dayan\u0131\u015fma Derne\u011fi ile \u015euhut Vakf\u0131\u2019n\u0131n ortakla\u015fa y\u00fcr\u00fctt\u00fc\u011f\u00fc yard\u0131m \u00e7al\u0131\u015fmalar\u0131 \u00e7er\u00e7evesinde y\u00fczlerce ihtiya\u00e7 sahibi aile ve \u00e7ocuk sevindirildi.<br \/>\n<br \/>Yap\u0131lan yard\u0131m organizasyonu ile 270 \u00f6\u011frenciye ki\u015fi ba\u015f\u0131 2 bin TL de\u011ferinde giyim kart\u0131 da\u011f\u0131t\u0131larak \u00e7ocuklar\u0131n bayram \u00f6ncesi ihtiya\u00e7lar\u0131n\u0131 kar\u015f\u0131lamalar\u0131na destek olundu. Bunun yan\u0131 s\u0131ra yakla\u015f\u0131k 200 aileye de 2 bin TL tutar\u0131nda g\u0131da kart\u0131 verilerek Ramazan ay\u0131nda sofralar\u0131na katk\u0131 sa\u011fland\u0131.<br \/>\n<br \/>\u015euhut Dosteli Yard\u0131mla\u015fma ve Dayan\u0131\u015fma Derne\u011fi Ba\u015fkan\u0131 Muharrem Ye\u011feno\u011flu ile \u015euhut Vakf\u0131 Ba\u015fkan\u0131 Mustafa Uysal \u00f6nc\u00fcl\u00fc\u011f\u00fcnde ger\u00e7ekle\u015ftirilen yard\u0131m \u00e7al\u0131\u015fmalar\u0131, il\u00e7ede b\u00fcy\u00fck takdir toplad\u0131.<br \/><\/p>\n","protected":false},"excerpt":{"rendered":"<p>Afyonkarahisar\u2019\u0131n \u015euhut il\u00e7esinde Ramazan ay\u0131n\u0131n manevi atmosferi yard\u0131mla\u015fma ve dayan\u0131\u015fma ile ta\u00e7land\u0131. \u015euhut Dosteli Yard\u0131mla\u015fma ve Dayan\u0131\u015fma Derne\u011fi ile \u015euhut Vakf\u0131\u2019n\u0131n ortakla\u015fa y\u00fcr\u00fctt\u00fc\u011f\u00fc yard\u0131m \u00e7al\u0131\u015fmalar\u0131 \u00e7er\u00e7evesinde y\u00fczlerce ihtiya\u00e7 sahibi aile ve \u00e7ocuk sevindirildi. Yap\u0131lan yard\u0131m organizasyonu ile 270 \u00f6\u011frenciye ki\u015fi ba\u015f\u0131 2 bin TL de\u011ferinde giyim kart\u0131 da\u011f\u0131t\u0131larak \u00e7ocuklar\u0131n bayram \u00f6ncesi ihtiya\u00e7lar\u0131n\u0131 kar\u015f\u0131lamalar\u0131na destek olundu&#8230;.<\/p>\n","protected":false},"author":1,"featured_media":94090,"comment_status":"open","ping_status":"open","sticky":false,"template":"","format":"standard","meta":{"_crdt_document":"","footnotes":""},"categories":[1],"tags":[],"class_list":["post-94089","post","type-post","status-publish","format-standard","has-post-thumbnail","hentry","category-guncel"],"_links":{"self":[{"href":"https:\/\/www.egemtv.com\/index.php?rest_route=\/wp\/v2\/posts\/94089","targetHints":{"allow":["GET"]}}],"collection":[{"href":"https:\/\/www.egemtv.com\/index.php?rest_route=\/wp\/v2\/posts"}],"about":[{"href":"https:\/\/www.egemtv.com\/index.php?rest_route=\/wp\/v2\/types\/post"}],"author":[{"embeddable":true,"href":"https:\/\/www.egemtv.com\/index.php?rest_route=\/wp\/v2\/users\/1"}],"replies":[{"embeddable":true,"href":"https:\/\/www.egemtv.com\/index.php?rest_route=%2Fwp%2Fv2%2Fcomments&post=94089"}],"version-history":[{"count":1,"href":"https:\/\/www.egemtv.com\/index.php?rest_route=\/wp\/v2\/posts\/94089\/revisions"}],"predecessor-version":[{"id":94091,"href":"https:\/\/www.egemtv.com\/index.php?rest_route=\/wp\/v2\/posts\/94089\/revisions\/94091"}],"wp:featuredmedia":[{"embeddable":true,"href":"https:\/\/www.egemtv.com\/index.php?rest_route=\/wp\/v2\/media\/94090"}],"wp:attachment":[{"href":"https:\/\/www.egemtv.com\/index.php?rest_route=%2Fwp%2Fv2%2Fmedia&parent=94089"}],"wp:term":[{"taxonomy":"category","embeddable":true,"href":"https:\/\/www.egemtv.com\/index.php?rest_route=%2Fwp%2Fv2%2Fcategories&post=94089"},{"taxonomy":"post_tag","embeddable":true,"href":"https:\/\/www.egemtv.com\/index.php?rest_route=%2Fwp%2Fv2%2Ftags&post=94089"}],"curies":[{"name":"wp","href":"https:\/\/api.w.org\/{rel}","templated":true}]}}