{"id":94086,"date":"2026-03-14T12:54:56","date_gmt":"2026-03-14T09:54:56","guid":{"rendered":"https:\/\/www.egemtv.com\/?p=94086"},"modified":"2026-03-14T12:54:57","modified_gmt":"2026-03-14T09:54:57","slug":"baskan-aras-bafada-halkla-bulustu","status":"publish","type":"post","link":"https:\/\/www.egemtv.com\/?p=94086","title":{"rendered":"Ba\u015fkan Aras Bafa\u2019da halkla bulu\u015ftu"},"content":{"rendered":"<p>Mu\u011fla B\u00fcy\u00fck\u015fehir Belediye Ba\u015fkan\u0131 Ahmet Aras, Milas il\u00e7esine ba\u011fl\u0131 Bafa Mahallesi\u2019nde esnaf ve vatanda\u015flarla bir araya geldi. Bafal\u0131lar\u0131n samimi ve s\u0131cak ilgisiyle kar\u015f\u0131la\u015fan Ba\u015fkan Aras halk\u0131n talep ve \u00f6nerilerini dinledi.<br \/>\n<br \/>K\u0131y\u0131 Ege Belediyeler Birli\u011fi ve Mu\u011fla B\u00fcy\u00fck\u015fehir Belediye Ba\u015fkan\u0131 Ahmet Aras Milas\u2019\u0131n Bafa Mahallesi\u2019nde vatanda\u015flarla bir araya geldi. Bafa\u2019da faaliyet g\u00f6steren esnaflar\u0131 ziyaret eden Aras, esnafa hay\u0131rl\u0131 i\u015fler dileyerek onlar\u0131n sorunlar\u0131n\u0131 ve beklentilerini dinledi. Ziyaret s\u0131ras\u0131nda vatanda\u015flarla samimi sohbetler ger\u00e7ekle\u015ftiren Ba\u015fkan Aras, b\u00f6lge halk\u0131n\u0131n talepleriyle ilgili gerekli planlamalar\u0131n ve \u00e7al\u0131\u015fmalar\u0131n yap\u0131laca\u011f\u0131n\u0131 s\u00f6yledi.<br \/>\n<br \/>Yerinde tespit yerinde \u00e7\u00f6z\u00fcm<br \/>\n<br \/>Vatanda\u015flar\u0131n iletti\u011fi talep ve \u00f6nerilerin yerel y\u00f6netim a\u00e7\u0131s\u0131ndan yol g\u00f6sterici oldu\u011funu belirten Ba\u015fkan Aras \u015funlar\u0131 s\u00f6yledi &#8220;Mu\u011fla\u2019n\u0131n her k\u00f6\u015fesinde vatanda\u015flarla bulu\u015fmaya devam ediyoruz. Hem\u015fehrilerimizle bir araya gelmek, onlar\u0131n d\u00fc\u015f\u00fcncelerini dinlemek ve ihtiya\u00e7lar\u0131n\u0131 yerinde g\u00f6rmek bizim i\u00e7in \u00e7ok \u00f6nemli.  Vatanda\u015flar\u0131m\u0131zla bulu\u015farak sorunlar\u0131 yerinde tespit ediyor ve \u00e7\u00f6z\u00fcm \u00fcretmek i\u00e7in \u00e7al\u0131\u015f\u0131yoruz&#8221; dedi.<br \/>\n<br \/>Bafa Mahallesi sakinleri de ziyaretten duyduklar\u0131 memnuniyeti dile getirerek Ba\u015fkan Aras\u2019a te\u015fekk\u00fcr etti. Ziyaret s\u0131ras\u0131nda Mente\u015fe Belediye Ba\u015fkan\u0131 Gonca K\u00f6ksal Aras, B\u00fcy\u00fck\u015fehir Belediye Ba\u015fkan\u0131 Ahmet Aras\u2019a e\u015flik etti.<br \/><\/p>\n","protected":false},"excerpt":{"rendered":"<p>Mu\u011fla B\u00fcy\u00fck\u015fehir Belediye Ba\u015fkan\u0131 Ahmet Aras, Milas il\u00e7esine ba\u011fl\u0131 Bafa Mahallesi\u2019nde esnaf ve vatanda\u015flarla bir araya geldi. Bafal\u0131lar\u0131n samimi ve s\u0131cak ilgisiyle kar\u015f\u0131la\u015fan Ba\u015fkan Aras halk\u0131n talep ve \u00f6nerilerini dinledi. K\u0131y\u0131 Ege Belediyeler Birli\u011fi ve Mu\u011fla B\u00fcy\u00fck\u015fehir Belediye Ba\u015fkan\u0131 Ahmet Aras Milas\u2019\u0131n Bafa Mahallesi\u2019nde vatanda\u015flarla bir araya geldi. Bafa\u2019da faaliyet g\u00f6steren esnaflar\u0131 ziyaret eden Aras,&#8230;<\/p>\n","protected":false},"author":1,"featured_media":94087,"comment_status":"open","ping_status":"open","sticky":false,"template":"","format":"standard","meta":{"_crdt_document":"","footnotes":""},"categories":[123],"tags":[],"class_list":["post-94086","post","type-post","status-publish","format-standard","has-post-thumbnail","hentry","category-gundem"],"_links":{"self":[{"href":"https:\/\/www.egemtv.com\/index.php?rest_route=\/wp\/v2\/posts\/94086","targetHints":{"allow":["GET"]}}],"collection":[{"href":"https:\/\/www.egemtv.com\/index.php?rest_route=\/wp\/v2\/posts"}],"about":[{"href":"https:\/\/www.egemtv.com\/index.php?rest_route=\/wp\/v2\/types\/post"}],"author":[{"embeddable":true,"href":"https:\/\/www.egemtv.com\/index.php?rest_route=\/wp\/v2\/users\/1"}],"replies":[{"embeddable":true,"href":"https:\/\/www.egemtv.com\/index.php?rest_route=%2Fwp%2Fv2%2Fcomments&post=94086"}],"version-history":[{"count":1,"href":"https:\/\/www.egemtv.com\/index.php?rest_route=\/wp\/v2\/posts\/94086\/revisions"}],"predecessor-version":[{"id":94088,"href":"https:\/\/www.egemtv.com\/index.php?rest_route=\/wp\/v2\/posts\/94086\/revisions\/94088"}],"wp:featuredmedia":[{"embeddable":true,"href":"https:\/\/www.egemtv.com\/index.php?rest_route=\/wp\/v2\/media\/94087"}],"wp:attachment":[{"href":"https:\/\/www.egemtv.com\/index.php?rest_route=%2Fwp%2Fv2%2Fmedia&parent=94086"}],"wp:term":[{"taxonomy":"category","embeddable":true,"href":"https:\/\/www.egemtv.com\/index.php?rest_route=%2Fwp%2Fv2%2Fcategories&post=94086"},{"taxonomy":"post_tag","embeddable":true,"href":"https:\/\/www.egemtv.com\/index.php?rest_route=%2Fwp%2Fv2%2Ftags&post=94086"}],"curies":[{"name":"wp","href":"https:\/\/api.w.org\/{rel}","templated":true}]}}