{"id":94083,"date":"2026-03-14T12:35:03","date_gmt":"2026-03-14T09:35:03","guid":{"rendered":"https:\/\/www.egemtv.com\/?p=94083"},"modified":"2026-03-14T12:35:04","modified_gmt":"2026-03-14T09:35:04","slug":"gozaltina-alinan-baskan-gunel-icin-demokrasi-nobeti-basladi","status":"publish","type":"post","link":"https:\/\/www.egemtv.com\/?p=94083","title":{"rendered":"G\u00f6zalt\u0131na al\u0131nan Ba\u015fkan G\u00fcnel i\u00e7in \u2019Demokrasi n\u00f6beti\u2019 ba\u015flad\u0131"},"content":{"rendered":"<p>Cumhuriyet Halk Partisi (CHP) Ku\u015fadas\u0131 \u0130l\u00e7e Ba\u015fkanl\u0131\u011f\u0131, Ku\u015fadas\u0131 Belediye Ba\u015fkan\u0131 \u00d6mer G\u00fcnel\u2019in \u0130stanbul\u2019da g\u00f6zalt\u0131na al\u0131nmas\u0131na tepki olarak Ku\u015fadas\u0131\u2019nda \u2019Demokrasi N\u00f6beti\u2019 ba\u015flatt\u0131.<br \/>\n<br \/>Ku\u015fadas\u0131 Belediye Ba\u015fkan\u0131 \u00d6mer G\u00fcnel, d\u00fcn sabah saatlerinde \u0130stanbul\u2019da d\u00fczenlenen bir operasyonla g\u00f6zalt\u0131na al\u0131nd\u0131. Ba\u015fkan \u00d6mer G\u00fcnel\u2019in g\u00f6zalt\u0131na al\u0131nmas\u0131 Ayd\u0131n ve Ku\u015fadas\u0131\u2019ndaki Cumhuriyet Halk Partisi (CHP) kanad\u0131nda b\u00fcy\u00fck tepki toplad\u0131. Bu kapsamda Ku\u015fadas\u0131\u2019nda bir araya gelen CHP\u2019li milletvekilleri, belediye ba\u015fkanlar\u0131 ve Ku\u015fadal\u0131lar, Ba\u015fkan \u00d6mer G\u00fcnel\u2019in \u2019hukuksuzlu\u011fa\u2019 u\u011frad\u0131\u011f\u0131na dikkat \u00e7ekti. CHP Ku\u015fadas\u0131 \u0130l\u00e7e Ba\u015fkanl\u0131\u011f\u0131 da \u0130smail Cem Dostluk ve Bar\u0131\u015f Meydan\u0131\u2019nda \u2019Adalet ve Dayan\u0131\u015fma\u2019 \u00e7ad\u0131r\u0131 kurdu. Ba\u015fkan G\u00fcnel i\u00e7in bir araya gelen partililer il\u00e7ede \u2019demokrasi n\u00f6beti\u2019 tutmaya ba\u015flad\u0131. Tutulan ilk demokrasi n\u00f6betine CHP Ku\u015fadas\u0131 \u0130l\u00e7e Ba\u015fkan\u0131 Mehmet G\u00fcrbilek ve parti y\u00f6neticileri, CHP Ayd\u0131n Milletvekili Evrim Karakoz, Ku\u015fadas\u0131 Belediye Ba\u015fkan Vekili Nihal G\u00fcler ile belediye meclis \u00fcyeleri kat\u0131ld\u0131.<br \/><\/p>\n","protected":false},"excerpt":{"rendered":"<p>Cumhuriyet Halk Partisi (CHP) Ku\u015fadas\u0131 \u0130l\u00e7e Ba\u015fkanl\u0131\u011f\u0131, Ku\u015fadas\u0131 Belediye Ba\u015fkan\u0131 \u00d6mer G\u00fcnel\u2019in \u0130stanbul\u2019da g\u00f6zalt\u0131na al\u0131nmas\u0131na tepki olarak Ku\u015fadas\u0131\u2019nda \u2019Demokrasi N\u00f6beti\u2019 ba\u015flatt\u0131. Ku\u015fadas\u0131 Belediye Ba\u015fkan\u0131 \u00d6mer G\u00fcnel, d\u00fcn sabah saatlerinde \u0130stanbul\u2019da d\u00fczenlenen bir operasyonla g\u00f6zalt\u0131na al\u0131nd\u0131. Ba\u015fkan \u00d6mer G\u00fcnel\u2019in g\u00f6zalt\u0131na al\u0131nmas\u0131 Ayd\u0131n ve Ku\u015fadas\u0131\u2019ndaki Cumhuriyet Halk Partisi (CHP) kanad\u0131nda b\u00fcy\u00fck tepki toplad\u0131. Bu kapsamda Ku\u015fadas\u0131\u2019nda bir&#8230;<\/p>\n","protected":false},"author":1,"featured_media":94084,"comment_status":"open","ping_status":"open","sticky":false,"template":"","format":"standard","meta":{"_crdt_document":"","footnotes":""},"categories":[127],"tags":[],"class_list":["post-94083","post","type-post","status-publish","format-standard","has-post-thumbnail","hentry","category-siyaset"],"_links":{"self":[{"href":"https:\/\/www.egemtv.com\/index.php?rest_route=\/wp\/v2\/posts\/94083","targetHints":{"allow":["GET"]}}],"collection":[{"href":"https:\/\/www.egemtv.com\/index.php?rest_route=\/wp\/v2\/posts"}],"about":[{"href":"https:\/\/www.egemtv.com\/index.php?rest_route=\/wp\/v2\/types\/post"}],"author":[{"embeddable":true,"href":"https:\/\/www.egemtv.com\/index.php?rest_route=\/wp\/v2\/users\/1"}],"replies":[{"embeddable":true,"href":"https:\/\/www.egemtv.com\/index.php?rest_route=%2Fwp%2Fv2%2Fcomments&post=94083"}],"version-history":[{"count":1,"href":"https:\/\/www.egemtv.com\/index.php?rest_route=\/wp\/v2\/posts\/94083\/revisions"}],"predecessor-version":[{"id":94085,"href":"https:\/\/www.egemtv.com\/index.php?rest_route=\/wp\/v2\/posts\/94083\/revisions\/94085"}],"wp:featuredmedia":[{"embeddable":true,"href":"https:\/\/www.egemtv.com\/index.php?rest_route=\/wp\/v2\/media\/94084"}],"wp:attachment":[{"href":"https:\/\/www.egemtv.com\/index.php?rest_route=%2Fwp%2Fv2%2Fmedia&parent=94083"}],"wp:term":[{"taxonomy":"category","embeddable":true,"href":"https:\/\/www.egemtv.com\/index.php?rest_route=%2Fwp%2Fv2%2Fcategories&post=94083"},{"taxonomy":"post_tag","embeddable":true,"href":"https:\/\/www.egemtv.com\/index.php?rest_route=%2Fwp%2Fv2%2Ftags&post=94083"}],"curies":[{"name":"wp","href":"https:\/\/api.w.org\/{rel}","templated":true}]}}