{"id":94077,"date":"2026-03-14T12:35:01","date_gmt":"2026-03-14T09:35:01","guid":{"rendered":"https:\/\/www.egemtv.com\/?p=94077"},"modified":"2026-03-14T12:35:02","modified_gmt":"2026-03-14T09:35:02","slug":"koycegiz-meslek-yuksek-okulunda-ramazan-sohbeti-yapildi","status":"publish","type":"post","link":"https:\/\/www.egemtv.com\/?p=94077","title":{"rendered":"K\u00f6yce\u011fiz Meslek Y\u00fcksek Okulu\u2019nda &#8220;Ramazan Sohbeti&#8221; yap\u0131ld\u0131"},"content":{"rendered":"<p>Mu\u011fla\u2019n\u0131n K\u00f6yce\u011fiz il\u00e7esi Meslek Y\u00fcksekokulu, Ramazan ay\u0131n\u0131n huzur ve payla\u015fma ruhunu anlatmak amac\u0131yla anlaml\u0131 bir programa ev sahipli\u011fi yapt\u0131.<\/p>\n<p>K\u00f6yce\u011fiz \u0130l\u00e7e M\u00fcft\u00fcl\u00fc\u011f\u00fc vaizlerinden Emine Okulu ve Rauf Evleksiz\u2019in konu\u015fmac\u0131 olarak kat\u0131ld\u0131\u011f\u0131 &#8220;Ramazan Sohbeti&#8221; temal\u0131 s\u00f6yle\u015fi, akademik ile idari personelin ve \u00f6\u011frencilerin yo\u011fun kat\u0131l\u0131m\u0131yla ger\u00e7ekle\u015fti. S\u00f6yle\u015finin ard\u0131ndan soru-cevap b\u00f6l\u00fcm\u00fcyle interaktif bir hal ald\u0131. \u00d6\u011frencilerin merak etti\u011fi konular\u0131n ayd\u0131nlat\u0131ld\u0131\u011f\u0131 bulu\u015fma, manevi iklimin peki\u015fti\u011fi bir ortamda sona erdi. Y\u00fcksekokul y\u00f6netimi, \u00f6\u011frencilerin geli\u015fimini destekleyen bu tarz k\u00fclt\u00fcrel ve manevi etkinliklerin devam edece\u011fini belirterek de\u011ferli konu\u015fmac\u0131lara ve bu konuda desteklerini sa\u011flayan K\u00f6yce\u011fiz \u0130l\u00e7e M\u00fcft\u00fcs\u00fc Ahmet Karag\u00f6z\u2019e te\u015fekk\u00fcr etti. Etkinlik sonunda Y\u00fcksekokul M\u00fcd\u00fcr\u00fc Do\u00e7. Dr. Hatice Ulusoy taraf\u0131ndan Vaize Emine Okulu ve Vaiz Rauf Evleksiz\u2019e te\u015fekk\u00fcr belgeleri takdim edildi.<br \/><\/p>\n","protected":false},"excerpt":{"rendered":"<p>Mu\u011fla\u2019n\u0131n K\u00f6yce\u011fiz il\u00e7esi Meslek Y\u00fcksekokulu, Ramazan ay\u0131n\u0131n huzur ve payla\u015fma ruhunu anlatmak amac\u0131yla anlaml\u0131 bir programa ev sahipli\u011fi yapt\u0131. K\u00f6yce\u011fiz \u0130l\u00e7e M\u00fcft\u00fcl\u00fc\u011f\u00fc vaizlerinden Emine Okulu ve Rauf Evleksiz\u2019in konu\u015fmac\u0131 olarak kat\u0131ld\u0131\u011f\u0131 &#8220;Ramazan Sohbeti&#8221; temal\u0131 s\u00f6yle\u015fi, akademik ile idari personelin ve \u00f6\u011frencilerin yo\u011fun kat\u0131l\u0131m\u0131yla ger\u00e7ekle\u015fti. S\u00f6yle\u015finin ard\u0131ndan soru-cevap b\u00f6l\u00fcm\u00fcyle interaktif bir hal ald\u0131. \u00d6\u011frencilerin merak etti\u011fi&#8230;<\/p>\n","protected":false},"author":1,"featured_media":94078,"comment_status":"open","ping_status":"open","sticky":false,"template":"","format":"standard","meta":{"_crdt_document":"","footnotes":""},"categories":[1],"tags":[],"class_list":["post-94077","post","type-post","status-publish","format-standard","has-post-thumbnail","hentry","category-guncel"],"_links":{"self":[{"href":"https:\/\/www.egemtv.com\/index.php?rest_route=\/wp\/v2\/posts\/94077","targetHints":{"allow":["GET"]}}],"collection":[{"href":"https:\/\/www.egemtv.com\/index.php?rest_route=\/wp\/v2\/posts"}],"about":[{"href":"https:\/\/www.egemtv.com\/index.php?rest_route=\/wp\/v2\/types\/post"}],"author":[{"embeddable":true,"href":"https:\/\/www.egemtv.com\/index.php?rest_route=\/wp\/v2\/users\/1"}],"replies":[{"embeddable":true,"href":"https:\/\/www.egemtv.com\/index.php?rest_route=%2Fwp%2Fv2%2Fcomments&post=94077"}],"version-history":[{"count":1,"href":"https:\/\/www.egemtv.com\/index.php?rest_route=\/wp\/v2\/posts\/94077\/revisions"}],"predecessor-version":[{"id":94079,"href":"https:\/\/www.egemtv.com\/index.php?rest_route=\/wp\/v2\/posts\/94077\/revisions\/94079"}],"wp:featuredmedia":[{"embeddable":true,"href":"https:\/\/www.egemtv.com\/index.php?rest_route=\/wp\/v2\/media\/94078"}],"wp:attachment":[{"href":"https:\/\/www.egemtv.com\/index.php?rest_route=%2Fwp%2Fv2%2Fmedia&parent=94077"}],"wp:term":[{"taxonomy":"category","embeddable":true,"href":"https:\/\/www.egemtv.com\/index.php?rest_route=%2Fwp%2Fv2%2Fcategories&post=94077"},{"taxonomy":"post_tag","embeddable":true,"href":"https:\/\/www.egemtv.com\/index.php?rest_route=%2Fwp%2Fv2%2Ftags&post=94077"}],"curies":[{"name":"wp","href":"https:\/\/api.w.org\/{rel}","templated":true}]}}