{"id":94074,"date":"2026-03-14T12:34:59","date_gmt":"2026-03-14T09:34:59","guid":{"rendered":"https:\/\/www.egemtv.com\/?p=94074"},"modified":"2026-03-14T12:35:00","modified_gmt":"2026-03-14T09:35:00","slug":"sultanhisarda-acil-saglik-istasyonu-binasinin-temeli-atildi","status":"publish","type":"post","link":"https:\/\/www.egemtv.com\/?p=94074","title":{"rendered":"Sultanhisar\u2019da Acil Sa\u011fl\u0131k \u0130stasyonu binas\u0131n\u0131n temeli at\u0131ld\u0131"},"content":{"rendered":"<p>Sultanhisar\u2019da sa\u011fl\u0131k altyap\u0131s\u0131n\u0131 g\u00fc\u00e7lendirecek \u00f6nemli bir yat\u0131r\u0131m i\u00e7in ilk ad\u0131m at\u0131l\u0131rken, Belediye Ba\u015fkan\u0131 Osman Y\u0131ld\u0131r\u0131mkaya, il\u00e7eye kazand\u0131r\u0131lacak 112 Acil Sa\u011fl\u0131k \u0130stasyonu ile Aile Sa\u011fl\u0131\u011f\u0131 Merkezi Ek Hizmet Binas\u0131n\u0131n temelinin at\u0131ld\u0131\u011f\u0131n\u0131 duyurdu.<br \/>\n<br \/>Belediye Ba\u015fkan\u0131 Y\u0131ld\u0131r\u0131mkaya, ger\u00e7ekle\u015ftirilen Ankara ziyaretlerinin ard\u0131ndan talep edilen sa\u011fl\u0131k yat\u0131r\u0131mlar\u0131n\u0131n somut sonu\u00e7lar\u0131n\u0131n il\u00e7ede g\u00f6r\u00fclmeye ba\u015fland\u0131\u011f\u0131n\u0131 belirtti. Yap\u0131lacak ek hizmet binas\u0131yla mevcut Aile Sa\u011fl\u0131\u011f\u0131 Merkezi\u2019nin hem fiziki kapasitesinin hem de hekim say\u0131s\u0131n\u0131n art\u0131r\u0131laca\u011f\u0131n\u0131 ifade eden Y\u0131ld\u0131r\u0131mkaya, kurulacak 112 Acil Sa\u011fl\u0131k \u0130stasyonu sayesinde il\u00e7edeki t\u00fcm mahallelere acil sa\u011fl\u0131k durumlar\u0131nda daha h\u0131zl\u0131 ve etkin m\u00fcdahale imkan\u0131 sa\u011flanaca\u011f\u0131n\u0131 s\u00f6yledi. Projeyle birlikte Sultanhisar\u2019\u0131n sa\u011fl\u0131k altyap\u0131s\u0131n\u0131n \u00f6nemli \u00f6l\u00e7\u00fcde g\u00fc\u00e7lenece\u011fini vurgulayan Y\u0131ld\u0131r\u0131mkaya, sa\u011fl\u0131k oca\u011f\u0131 ek hizmet binas\u0131 ile 112 Acil Sa\u011fl\u0131k \u0130stasyonu\u2019nun in\u015faat ve yap\u0131m \u00e7al\u0131\u015fmalar\u0131n\u0131n belediyenin deste\u011fiyle ger\u00e7ekle\u015ftirilece\u011fini kaydetti. Y\u0131ld\u0131r\u0131mkaya, projeye katk\u0131 sunanlara da te\u015fekk\u00fcr ederek, ba\u015fta Sa\u011fl\u0131k Bakan\u0131 Prof. Dr. Kemal Memi\u015fo\u011flu olmak \u00fczere Ayd\u0131n By\u00fck\u015fehir Belediye Ba\u015fkan\u0131 \u00d6zlem \u00c7er\u00e7io\u011flu, AK Parti Ayd\u0131n milletvekillerine ve eme\u011fi ge\u00e7en herkese te\u015fekk\u00fcr etti.<br \/>\n<br \/>Ba\u015fkan Y\u0131ld\u0131r\u0131mkaya, s\u00f6z konusu yat\u0131r\u0131mlar\u0131n Sultanhisar\u2019a ve il\u00e7e halk\u0131na hay\u0131rl\u0131 olmas\u0131n\u0131 dileyerek, il\u00e7eye de\u011fer katacak projeler \u00fczerinde \u00e7al\u0131\u015fmaya devam edeceklerini ifade etti.<br \/><\/p>\n","protected":false},"excerpt":{"rendered":"<p>Sultanhisar\u2019da sa\u011fl\u0131k altyap\u0131s\u0131n\u0131 g\u00fc\u00e7lendirecek \u00f6nemli bir yat\u0131r\u0131m i\u00e7in ilk ad\u0131m at\u0131l\u0131rken, Belediye Ba\u015fkan\u0131 Osman Y\u0131ld\u0131r\u0131mkaya, il\u00e7eye kazand\u0131r\u0131lacak 112 Acil Sa\u011fl\u0131k \u0130stasyonu ile Aile Sa\u011fl\u0131\u011f\u0131 Merkezi Ek Hizmet Binas\u0131n\u0131n temelinin at\u0131ld\u0131\u011f\u0131n\u0131 duyurdu. Belediye Ba\u015fkan\u0131 Y\u0131ld\u0131r\u0131mkaya, ger\u00e7ekle\u015ftirilen Ankara ziyaretlerinin ard\u0131ndan talep edilen sa\u011fl\u0131k yat\u0131r\u0131mlar\u0131n\u0131n somut sonu\u00e7lar\u0131n\u0131n il\u00e7ede g\u00f6r\u00fclmeye ba\u015fland\u0131\u011f\u0131n\u0131 belirtti. Yap\u0131lacak ek hizmet binas\u0131yla mevcut Aile Sa\u011fl\u0131\u011f\u0131&#8230;<\/p>\n","protected":false},"author":1,"featured_media":94075,"comment_status":"open","ping_status":"open","sticky":false,"template":"","format":"standard","meta":{"_crdt_document":"","footnotes":""},"categories":[1],"tags":[],"class_list":["post-94074","post","type-post","status-publish","format-standard","has-post-thumbnail","hentry","category-guncel"],"_links":{"self":[{"href":"https:\/\/www.egemtv.com\/index.php?rest_route=\/wp\/v2\/posts\/94074","targetHints":{"allow":["GET"]}}],"collection":[{"href":"https:\/\/www.egemtv.com\/index.php?rest_route=\/wp\/v2\/posts"}],"about":[{"href":"https:\/\/www.egemtv.com\/index.php?rest_route=\/wp\/v2\/types\/post"}],"author":[{"embeddable":true,"href":"https:\/\/www.egemtv.com\/index.php?rest_route=\/wp\/v2\/users\/1"}],"replies":[{"embeddable":true,"href":"https:\/\/www.egemtv.com\/index.php?rest_route=%2Fwp%2Fv2%2Fcomments&post=94074"}],"version-history":[{"count":1,"href":"https:\/\/www.egemtv.com\/index.php?rest_route=\/wp\/v2\/posts\/94074\/revisions"}],"predecessor-version":[{"id":94076,"href":"https:\/\/www.egemtv.com\/index.php?rest_route=\/wp\/v2\/posts\/94074\/revisions\/94076"}],"wp:featuredmedia":[{"embeddable":true,"href":"https:\/\/www.egemtv.com\/index.php?rest_route=\/wp\/v2\/media\/94075"}],"wp:attachment":[{"href":"https:\/\/www.egemtv.com\/index.php?rest_route=%2Fwp%2Fv2%2Fmedia&parent=94074"}],"wp:term":[{"taxonomy":"category","embeddable":true,"href":"https:\/\/www.egemtv.com\/index.php?rest_route=%2Fwp%2Fv2%2Fcategories&post=94074"},{"taxonomy":"post_tag","embeddable":true,"href":"https:\/\/www.egemtv.com\/index.php?rest_route=%2Fwp%2Fv2%2Ftags&post=94074"}],"curies":[{"name":"wp","href":"https:\/\/api.w.org\/{rel}","templated":true}]}}