{"id":94071,"date":"2026-03-14T12:14:37","date_gmt":"2026-03-14T09:14:37","guid":{"rendered":"https:\/\/www.egemtv.com\/?p=94071"},"modified":"2026-03-14T12:14:38","modified_gmt":"2026-03-14T09:14:38","slug":"koycegiz-ataturk-ortaokulunda-afet-tatbikati-gerceklestirildi","status":"publish","type":"post","link":"https:\/\/www.egemtv.com\/?p=94071","title":{"rendered":"K\u00f6yce\u011fiz Atat\u00fcrk Ortaokulu\u2019nda Afet Tatbikat\u0131 ger\u00e7ekle\u015ftirildi"},"content":{"rendered":"<p>Mu\u011fla\u2019n\u0131n K\u00f6yce\u011fiz Atat\u00fcrk Ortaokulu Afet Haz\u0131rl\u0131k Kul\u00fcb\u00fc taraf\u0131ndan, \u00f6\u011frencilerin afet an\u0131nda do\u011fru ve h\u0131zl\u0131 hareket edebilme becerilerini geli\u015ftirmek amac\u0131yla kapsaml\u0131 bir afet tatbikat\u0131 ger\u00e7ekle\u015ftirildi.<\/p>\n<p>Tatbikat, UMKE ekipleri ile arama kurtarma ekiplerinin ortak \u00e7al\u0131\u015fmas\u0131yla y\u00fcr\u00fct\u00fcld\u00fc. Tatbikat senaryosuna g\u00f6re \u00e7alan sirenle birlikte \u00f6\u011frenciler ve \u00f6\u011fretmenler h\u0131zl\u0131 ve d\u00fczenli bir \u015fekilde okul bah\u00e7esindeki toplanma alan\u0131na \u00e7\u0131kt\u0131. Yap\u0131lan yoklama s\u0131ras\u0131nda be\u015f \u00f6\u011frencinin eksik oldu\u011fu tespit edildi. Bunun \u00fczerine arama kurtarma ekipleri vakit kaybetmeden okul binas\u0131nda arama \u00e7al\u0131\u015fmalar\u0131na ba\u015flad\u0131. Ekiplerin ger\u00e7ekle\u015ftirdi\u011fi arama \u00e7al\u0131\u015fmalar\u0131 sonucunda yaral\u0131 oldu\u011fu varsay\u0131lan be\u015f \u00f6\u011frenci okul i\u00e7erisinde farkl\u0131 noktalarda bulundu. Arama kurtarma ekipleri \u00f6\u011frencileri uygun ta\u015f\u0131ma tekniklerini kullanarak g\u00fcvenli bir \u015fekilde binadan \u00e7\u0131kard\u0131 ve sa\u011fl\u0131k ekiplerine teslim etti. \u00d6\u011frenciler daha sonra ambulansa ta\u015f\u0131narak tatbikat senaryosu ba\u015far\u0131yla tamamland\u0131. Ger\u00e7ekle\u015ftirilen tatbikat sayesinde \u00f6\u011frenciler afet an\u0131nda yap\u0131lmas\u0131 gerekenler konusunda uygulamal\u0131 deneyim kazan\u0131rken, arama kurtarma ekiplerinin \u00e7al\u0131\u015fma s\u00fcreci de yak\u0131ndan g\u00f6zlemlendi. K\u00f6yce\u011fiz Atat\u00fcrk Ortaokulu Afet Haz\u0131rl\u0131k Kul\u00fcb\u00fc dan\u0131\u015fman \u00f6\u011fretmenleri Matematik \u00d6\u011fretmeni \u0130brahim Do\u011fan, T\u00fcrk\u00e7e \u00d6\u011fretmeni O\u011fuzhan \u00dcnl\u00fc ve T\u00fcrk\u00e7e \u00f6\u011fretmeni Emre K\u00f6kta\u015f, afet bilincinin k\u00fc\u00e7\u00fck ya\u015flarda kazand\u0131r\u0131lmas\u0131n\u0131n \u00f6nemine dikkat \u00e7ekerek bu t\u00fcr \u00e7al\u0131\u015fmalar\u0131n \u00f6\u011frencilerin fark\u0131ndal\u0131\u011f\u0131n\u0131 art\u0131rd\u0131\u011f\u0131n\u0131 ifade etti. Okul y\u00f6netimi, tatbikata katk\u0131 sa\u011flayan UMKE ekiplerine ve arama kurtarma ekiplerine te\u015fekk\u00fcr ederek, afetlere haz\u0131rl\u0131k konusunda bilin\u00e7lendirme \u00e7al\u0131\u015fmalar\u0131n\u0131n devam edece\u011fini belirtti.<br \/><\/p>\n","protected":false},"excerpt":{"rendered":"<p>Mu\u011fla\u2019n\u0131n K\u00f6yce\u011fiz Atat\u00fcrk Ortaokulu Afet Haz\u0131rl\u0131k Kul\u00fcb\u00fc taraf\u0131ndan, \u00f6\u011frencilerin afet an\u0131nda do\u011fru ve h\u0131zl\u0131 hareket edebilme becerilerini geli\u015ftirmek amac\u0131yla kapsaml\u0131 bir afet tatbikat\u0131 ger\u00e7ekle\u015ftirildi. Tatbikat, UMKE ekipleri ile arama kurtarma ekiplerinin ortak \u00e7al\u0131\u015fmas\u0131yla y\u00fcr\u00fct\u00fcld\u00fc. Tatbikat senaryosuna g\u00f6re \u00e7alan sirenle birlikte \u00f6\u011frenciler ve \u00f6\u011fretmenler h\u0131zl\u0131 ve d\u00fczenli bir \u015fekilde okul bah\u00e7esindeki toplanma alan\u0131na \u00e7\u0131kt\u0131. Yap\u0131lan yoklama&#8230;<\/p>\n","protected":false},"author":1,"featured_media":94072,"comment_status":"open","ping_status":"open","sticky":false,"template":"","format":"standard","meta":{"_crdt_document":"","footnotes":""},"categories":[5],"tags":[],"class_list":["post-94071","post","type-post","status-publish","format-standard","has-post-thumbnail","hentry","category-asayis"],"_links":{"self":[{"href":"https:\/\/www.egemtv.com\/index.php?rest_route=\/wp\/v2\/posts\/94071","targetHints":{"allow":["GET"]}}],"collection":[{"href":"https:\/\/www.egemtv.com\/index.php?rest_route=\/wp\/v2\/posts"}],"about":[{"href":"https:\/\/www.egemtv.com\/index.php?rest_route=\/wp\/v2\/types\/post"}],"author":[{"embeddable":true,"href":"https:\/\/www.egemtv.com\/index.php?rest_route=\/wp\/v2\/users\/1"}],"replies":[{"embeddable":true,"href":"https:\/\/www.egemtv.com\/index.php?rest_route=%2Fwp%2Fv2%2Fcomments&post=94071"}],"version-history":[{"count":1,"href":"https:\/\/www.egemtv.com\/index.php?rest_route=\/wp\/v2\/posts\/94071\/revisions"}],"predecessor-version":[{"id":94073,"href":"https:\/\/www.egemtv.com\/index.php?rest_route=\/wp\/v2\/posts\/94071\/revisions\/94073"}],"wp:featuredmedia":[{"embeddable":true,"href":"https:\/\/www.egemtv.com\/index.php?rest_route=\/wp\/v2\/media\/94072"}],"wp:attachment":[{"href":"https:\/\/www.egemtv.com\/index.php?rest_route=%2Fwp%2Fv2%2Fmedia&parent=94071"}],"wp:term":[{"taxonomy":"category","embeddable":true,"href":"https:\/\/www.egemtv.com\/index.php?rest_route=%2Fwp%2Fv2%2Fcategories&post=94071"},{"taxonomy":"post_tag","embeddable":true,"href":"https:\/\/www.egemtv.com\/index.php?rest_route=%2Fwp%2Fv2%2Ftags&post=94071"}],"curies":[{"name":"wp","href":"https:\/\/api.w.org\/{rel}","templated":true}]}}