{"id":94047,"date":"2026-03-14T10:35:34","date_gmt":"2026-03-14T07:35:34","guid":{"rendered":"https:\/\/www.egemtv.com\/?p=94047"},"modified":"2026-03-14T10:35:35","modified_gmt":"2026-03-14T07:35:35","slug":"aydinda-18-duzensiz-gocmen-yakalandi","status":"publish","type":"post","link":"https:\/\/www.egemtv.com\/?p=94047","title":{"rendered":"Ayd\u0131n\u2019da 18 d\u00fczensiz g\u00f6\u00e7men yakaland\u0131"},"content":{"rendered":"<p>Ayd\u0131n\u2019\u0131n Didim il\u00e7esi a\u00e7\u0131klar\u0131nda 1\u2019i \u00e7ocuk 18 d\u00fczensiz g\u00f6\u00e7men ile birlikte 4 g\u00f6\u00e7men ka\u00e7ak\u00e7\u0131s\u0131 \u015f\u00fcphelisi yakaland\u0131.<br \/>\n<br \/>Ayd\u0131n\u2019\u0131n Didim ve Ku\u015fadas\u0131 a\u00e7\u0131klar\u0131ndan lastik bot veya can sallar\u0131 ile Yunanistan\u2019a ge\u00e7meye \u00e7al\u0131\u015fan d\u00fczensiz g\u00f6\u00e7menlere y\u00f6nelik \u00e7al\u0131\u015fmalar aral\u0131ks\u0131z devam ediyor. Edinilen bilgiye g\u00f6re Didim il\u00e7esi a\u00e7\u0131klar\u0131nda lastik bot i\u00e7erisinde bir grup d\u00fczensiz g\u00f6\u00e7men oldu\u011fu bilgisine ula\u015f\u0131ld\u0131. Bunun \u00fczerine b\u00f6lgeye Sahil G\u00fcvenlik Botu sevk edildi. K\u0131sa s\u00fcrede b\u00f6lgeye varan ekipler taraf\u0131ndan hareketli lastik bot durduruldu. \u0130\u00e7erisindeki 1\u2019i \u00e7ocuk 18 d\u00fczensiz g\u00f6\u00e7men yakaland\u0131. Ayr\u0131ca olay ile ba\u011flant\u0131l\u0131 olarak yap\u0131lan takip neticesinde Kemaldere Jandarma Karakol Komutanl\u0131\u011f\u0131 personeli ile yap\u0131lan m\u00fc\u015fterek \u00e7al\u0131\u015fmada 4 g\u00f6\u00e7men ka\u00e7ak\u00e7\u0131s\u0131 \u015f\u00fcphelisi yakaland\u0131. Yakalanan d\u00fczensiz g\u00f6\u00e7menler sa\u011fl\u0131k kontrollerinin ard\u0131ndan Ayd\u0131n D\u00fczensiz G\u00f6\u00e7men \u00d6n Kabul ve Sevk Merkezi\u2019ne (G\u00d6KSEM) teslim edilirken, \u015f\u00fcpheliler hakk\u0131nda adli i\u015flem ba\u015flat\u0131ld\u0131.<br \/><\/p>\n","protected":false},"excerpt":{"rendered":"<p>Ayd\u0131n\u2019\u0131n Didim il\u00e7esi a\u00e7\u0131klar\u0131nda 1\u2019i \u00e7ocuk 18 d\u00fczensiz g\u00f6\u00e7men ile birlikte 4 g\u00f6\u00e7men ka\u00e7ak\u00e7\u0131s\u0131 \u015f\u00fcphelisi yakaland\u0131. Ayd\u0131n\u2019\u0131n Didim ve Ku\u015fadas\u0131 a\u00e7\u0131klar\u0131ndan lastik bot veya can sallar\u0131 ile Yunanistan\u2019a ge\u00e7meye \u00e7al\u0131\u015fan d\u00fczensiz g\u00f6\u00e7menlere y\u00f6nelik \u00e7al\u0131\u015fmalar aral\u0131ks\u0131z devam ediyor. Edinilen bilgiye g\u00f6re Didim il\u00e7esi a\u00e7\u0131klar\u0131nda lastik bot i\u00e7erisinde bir grup d\u00fczensiz g\u00f6\u00e7men oldu\u011fu bilgisine ula\u015f\u0131ld\u0131. Bunun \u00fczerine&#8230;<\/p>\n","protected":false},"author":1,"featured_media":94048,"comment_status":"open","ping_status":"open","sticky":false,"template":"","format":"standard","meta":{"_crdt_document":"","footnotes":""},"categories":[5],"tags":[],"class_list":["post-94047","post","type-post","status-publish","format-standard","has-post-thumbnail","hentry","category-asayis"],"_links":{"self":[{"href":"https:\/\/www.egemtv.com\/index.php?rest_route=\/wp\/v2\/posts\/94047","targetHints":{"allow":["GET"]}}],"collection":[{"href":"https:\/\/www.egemtv.com\/index.php?rest_route=\/wp\/v2\/posts"}],"about":[{"href":"https:\/\/www.egemtv.com\/index.php?rest_route=\/wp\/v2\/types\/post"}],"author":[{"embeddable":true,"href":"https:\/\/www.egemtv.com\/index.php?rest_route=\/wp\/v2\/users\/1"}],"replies":[{"embeddable":true,"href":"https:\/\/www.egemtv.com\/index.php?rest_route=%2Fwp%2Fv2%2Fcomments&post=94047"}],"version-history":[{"count":1,"href":"https:\/\/www.egemtv.com\/index.php?rest_route=\/wp\/v2\/posts\/94047\/revisions"}],"predecessor-version":[{"id":94049,"href":"https:\/\/www.egemtv.com\/index.php?rest_route=\/wp\/v2\/posts\/94047\/revisions\/94049"}],"wp:featuredmedia":[{"embeddable":true,"href":"https:\/\/www.egemtv.com\/index.php?rest_route=\/wp\/v2\/media\/94048"}],"wp:attachment":[{"href":"https:\/\/www.egemtv.com\/index.php?rest_route=%2Fwp%2Fv2%2Fmedia&parent=94047"}],"wp:term":[{"taxonomy":"category","embeddable":true,"href":"https:\/\/www.egemtv.com\/index.php?rest_route=%2Fwp%2Fv2%2Fcategories&post=94047"},{"taxonomy":"post_tag","embeddable":true,"href":"https:\/\/www.egemtv.com\/index.php?rest_route=%2Fwp%2Fv2%2Ftags&post=94047"}],"curies":[{"name":"wp","href":"https:\/\/api.w.org\/{rel}","templated":true}]}}