{"id":94044,"date":"2026-03-14T10:14:59","date_gmt":"2026-03-14T07:14:59","guid":{"rendered":"https:\/\/www.egemtv.com\/?p=94044"},"modified":"2026-03-14T10:15:00","modified_gmt":"2026-03-14T07:15:00","slug":"didim-belediyesi-ekiplerinden-temizlik-calismasi","status":"publish","type":"post","link":"https:\/\/www.egemtv.com\/?p=94044","title":{"rendered":"Didim Belediyesi ekiplerinden temizlik \u00e7al\u0131\u015fmas\u0131"},"content":{"rendered":"<p>Didim Belediyesi il\u00e7e genelinde \u00e7al\u0131\u015fmalar\u0131n\u0131 aral\u0131ks\u0131z s\u00fcrd\u00fcr\u00fcyor. Belediye ekiplerince Akb\u00fck ve Fevzipa\u015fa Mahallesi\u2019nde kapsaml\u0131 genel temizlik \u00e7al\u0131\u015fmas\u0131 ger\u00e7ekle\u015ftirildi.<br \/>\n<br \/>Fevzipa\u015fa Mahallesi Muhtar\u0131 ve mahallede ya\u015fayan site sakinlerinin belediyeye ger\u00e7ekle\u015ftirdi\u011fi ziyaretin ard\u0131ndan, mahallede temizlik \u00e7al\u0131\u015fmalar\u0131na a\u011f\u0131rl\u0131k verildi. Mahalle sakinlerinin taleplerini dikkate alan Didim Belediyesi ekipleri b\u00f6lgede kapsaml\u0131 bir temizlik \u00e7al\u0131\u015fmas\u0131 ba\u015flatt\u0131.<br \/>\n<br \/>Yap\u0131lan \u00e7al\u0131\u015fmalar \u00e7er\u00e7evesinde yol kenarlar\u0131, kald\u0131r\u0131mlar ve bo\u015f alanlarda biriken at\u0131klar temizlenirken \u00e7evre d\u00fczeni de titizlikle kontrol edildi. Saha ekiplerince koordineli \u015fekilde s\u00fcrd\u00fcr\u00fclen \u00e7al\u0131\u015fmalar\u0131n ard\u0131ndan mahalle geneli temiz ve d\u00fczenli bir hale getirildi.<br \/>\n<br \/>\u00c7al\u0131\u015fmalar hakk\u0131nda de\u011ferlendirmede bulunan Didim Belediye Ba\u015fkan\u0131 Hatice Gen\u00e7ay, &#8220;Didim\u2019in t\u00fcm mahallelerinde ekiplerimiz temizlik \u00e7al\u0131\u015fmalar\u0131n\u0131 d\u00fczenli olarak s\u00fcrd\u00fcr\u00fcyor. Halk\u0131m\u0131z\u0131n da \u00e7evre temizli\u011fi konusunda duyarl\u0131 olmalar\u0131n\u0131 ve bu konuda bizlere destek vermelerini rica ediyorum&#8221; dedi.<br \/><\/p>\n","protected":false},"excerpt":{"rendered":"<p>Didim Belediyesi il\u00e7e genelinde \u00e7al\u0131\u015fmalar\u0131n\u0131 aral\u0131ks\u0131z s\u00fcrd\u00fcr\u00fcyor. Belediye ekiplerince Akb\u00fck ve Fevzipa\u015fa Mahallesi\u2019nde kapsaml\u0131 genel temizlik \u00e7al\u0131\u015fmas\u0131 ger\u00e7ekle\u015ftirildi. Fevzipa\u015fa Mahallesi Muhtar\u0131 ve mahallede ya\u015fayan site sakinlerinin belediyeye ger\u00e7ekle\u015ftirdi\u011fi ziyaretin ard\u0131ndan, mahallede temizlik \u00e7al\u0131\u015fmalar\u0131na a\u011f\u0131rl\u0131k verildi. Mahalle sakinlerinin taleplerini dikkate alan Didim Belediyesi ekipleri b\u00f6lgede kapsaml\u0131 bir temizlik \u00e7al\u0131\u015fmas\u0131 ba\u015flatt\u0131. Yap\u0131lan \u00e7al\u0131\u015fmalar \u00e7er\u00e7evesinde yol kenarlar\u0131, kald\u0131r\u0131mlar&#8230;<\/p>\n","protected":false},"author":1,"featured_media":94045,"comment_status":"open","ping_status":"open","sticky":false,"template":"","format":"standard","meta":{"_crdt_document":"","footnotes":""},"categories":[1],"tags":[],"class_list":["post-94044","post","type-post","status-publish","format-standard","has-post-thumbnail","hentry","category-guncel"],"_links":{"self":[{"href":"https:\/\/www.egemtv.com\/index.php?rest_route=\/wp\/v2\/posts\/94044","targetHints":{"allow":["GET"]}}],"collection":[{"href":"https:\/\/www.egemtv.com\/index.php?rest_route=\/wp\/v2\/posts"}],"about":[{"href":"https:\/\/www.egemtv.com\/index.php?rest_route=\/wp\/v2\/types\/post"}],"author":[{"embeddable":true,"href":"https:\/\/www.egemtv.com\/index.php?rest_route=\/wp\/v2\/users\/1"}],"replies":[{"embeddable":true,"href":"https:\/\/www.egemtv.com\/index.php?rest_route=%2Fwp%2Fv2%2Fcomments&post=94044"}],"version-history":[{"count":1,"href":"https:\/\/www.egemtv.com\/index.php?rest_route=\/wp\/v2\/posts\/94044\/revisions"}],"predecessor-version":[{"id":94046,"href":"https:\/\/www.egemtv.com\/index.php?rest_route=\/wp\/v2\/posts\/94044\/revisions\/94046"}],"wp:featuredmedia":[{"embeddable":true,"href":"https:\/\/www.egemtv.com\/index.php?rest_route=\/wp\/v2\/media\/94045"}],"wp:attachment":[{"href":"https:\/\/www.egemtv.com\/index.php?rest_route=%2Fwp%2Fv2%2Fmedia&parent=94044"}],"wp:term":[{"taxonomy":"category","embeddable":true,"href":"https:\/\/www.egemtv.com\/index.php?rest_route=%2Fwp%2Fv2%2Fcategories&post=94044"},{"taxonomy":"post_tag","embeddable":true,"href":"https:\/\/www.egemtv.com\/index.php?rest_route=%2Fwp%2Fv2%2Ftags&post=94044"}],"curies":[{"name":"wp","href":"https:\/\/api.w.org\/{rel}","templated":true}]}}