{"id":94041,"date":"2026-03-14T09:54:44","date_gmt":"2026-03-14T06:54:44","guid":{"rendered":"https:\/\/www.egemtv.com\/?p=94041"},"modified":"2026-03-14T09:54:45","modified_gmt":"2026-03-14T06:54:45","slug":"incirliovada-motosikletlere-siki-denetim","status":"publish","type":"post","link":"https:\/\/www.egemtv.com\/?p=94041","title":{"rendered":"\u0130ncirliova\u2019da motosikletlere s\u0131k\u0131 denetim"},"content":{"rendered":"<p>Ayd\u0131n\u2019\u0131n \u0130ncirliova il\u00e7esinde plakas\u0131z ve abart\u0131 egzozlu motosikletlere y\u00f6nelik denetimler s\u0131kla\u015ft\u0131r\u0131ld\u0131.<br \/>\n<br \/>\u0130l\u00e7e Emniyet M\u00fcd\u00fcrl\u00fc\u011f\u00fc ekipleri taraf\u0131ndan ger\u00e7ekle\u015ftirilen kontrollerde plakas\u0131 bulunmayan 6 motosiklet trafikten men edilerek yediemin otopark\u0131na \u00e7ekildi. \u00d6zellikle plakas\u0131z motosikletler ve \u00e7evreyi rahats\u0131z eden abart\u0131 egzoz kullanan ara\u00e7lara kar\u015f\u0131 denetimlerin art\u0131r\u0131ld\u0131\u011f\u0131n\u0131 belirtti. Vatanda\u015flardan gelen \u015fikayetlerin dikkate al\u0131nd\u0131\u011f\u0131n\u0131 ifade eden ekipler, bu t\u00fcr ihlallere kesinlikle m\u00fcsamaha g\u00f6sterilmeyece\u011fini vurgulad\u0131. Emniyet yetkilileri, plakas\u0131z motosikletlerin trafikte hem g\u00fcvenlik riski olu\u015fturdu\u011funu hem de su\u00e7 olaylar\u0131nda tespiti zorla\u015ft\u0131rd\u0131\u011f\u0131n\u0131 belirterek, motosikletlerin plakas\u0131z \u015fekilde trafi\u011fe \u00e7\u0131kmas\u0131n\u0131n cezas\u0131n\u0131n 46 bin lira oldu\u011funu hat\u0131rlatt\u0131. Denetimlerin \u00f6n\u00fcm\u00fczdeki g\u00fcnlerde de devam edece\u011fi bildirildi.<br \/><\/p>\n","protected":false},"excerpt":{"rendered":"<p>Ayd\u0131n\u2019\u0131n \u0130ncirliova il\u00e7esinde plakas\u0131z ve abart\u0131 egzozlu motosikletlere y\u00f6nelik denetimler s\u0131kla\u015ft\u0131r\u0131ld\u0131. \u0130l\u00e7e Emniyet M\u00fcd\u00fcrl\u00fc\u011f\u00fc ekipleri taraf\u0131ndan ger\u00e7ekle\u015ftirilen kontrollerde plakas\u0131 bulunmayan 6 motosiklet trafikten men edilerek yediemin otopark\u0131na \u00e7ekildi. \u00d6zellikle plakas\u0131z motosikletler ve \u00e7evreyi rahats\u0131z eden abart\u0131 egzoz kullanan ara\u00e7lara kar\u015f\u0131 denetimlerin art\u0131r\u0131ld\u0131\u011f\u0131n\u0131 belirtti. Vatanda\u015flardan gelen \u015fikayetlerin dikkate al\u0131nd\u0131\u011f\u0131n\u0131 ifade eden ekipler, bu t\u00fcr ihlallere kesinlikle&#8230;<\/p>\n","protected":false},"author":1,"featured_media":94042,"comment_status":"open","ping_status":"open","sticky":false,"template":"","format":"standard","meta":{"_crdt_document":"","footnotes":""},"categories":[5],"tags":[],"class_list":["post-94041","post","type-post","status-publish","format-standard","has-post-thumbnail","hentry","category-asayis"],"_links":{"self":[{"href":"https:\/\/www.egemtv.com\/index.php?rest_route=\/wp\/v2\/posts\/94041","targetHints":{"allow":["GET"]}}],"collection":[{"href":"https:\/\/www.egemtv.com\/index.php?rest_route=\/wp\/v2\/posts"}],"about":[{"href":"https:\/\/www.egemtv.com\/index.php?rest_route=\/wp\/v2\/types\/post"}],"author":[{"embeddable":true,"href":"https:\/\/www.egemtv.com\/index.php?rest_route=\/wp\/v2\/users\/1"}],"replies":[{"embeddable":true,"href":"https:\/\/www.egemtv.com\/index.php?rest_route=%2Fwp%2Fv2%2Fcomments&post=94041"}],"version-history":[{"count":1,"href":"https:\/\/www.egemtv.com\/index.php?rest_route=\/wp\/v2\/posts\/94041\/revisions"}],"predecessor-version":[{"id":94043,"href":"https:\/\/www.egemtv.com\/index.php?rest_route=\/wp\/v2\/posts\/94041\/revisions\/94043"}],"wp:featuredmedia":[{"embeddable":true,"href":"https:\/\/www.egemtv.com\/index.php?rest_route=\/wp\/v2\/media\/94042"}],"wp:attachment":[{"href":"https:\/\/www.egemtv.com\/index.php?rest_route=%2Fwp%2Fv2%2Fmedia&parent=94041"}],"wp:term":[{"taxonomy":"category","embeddable":true,"href":"https:\/\/www.egemtv.com\/index.php?rest_route=%2Fwp%2Fv2%2Fcategories&post=94041"},{"taxonomy":"post_tag","embeddable":true,"href":"https:\/\/www.egemtv.com\/index.php?rest_route=%2Fwp%2Fv2%2Ftags&post=94041"}],"curies":[{"name":"wp","href":"https:\/\/api.w.org\/{rel}","templated":true}]}}