{"id":94038,"date":"2026-03-14T09:54:43","date_gmt":"2026-03-14T06:54:43","guid":{"rendered":"https:\/\/www.egemtv.com\/?p=94038"},"modified":"2026-03-14T09:54:44","modified_gmt":"2026-03-14T06:54:44","slug":"yasli-ciftin-olumuyle-ilgili-4-kisi-tutuklandi","status":"publish","type":"post","link":"https:\/\/www.egemtv.com\/?p=94038","title":{"rendered":"Ya\u015fl\u0131 \u00e7iftin \u00f6l\u00fcm\u00fcyle ilgili 4 ki\u015fi tutukland\u0131"},"content":{"rendered":"<p>Mu\u011fla\u2019n\u0131n Yata\u011fan il\u00e7esinde ya\u015fl\u0131 bir \u00e7iftin hayat\u0131n\u0131 kaybetti\u011fi ev yang\u0131n\u0131n\u0131n ard\u0131ndaki korkun\u00e7 ger\u00e7ek JASAT ekiplerinin titiz \u00e7al\u0131\u015fmas\u0131yla ortaya \u00e7\u0131kt\u0131. Yang\u0131n\u0131 \u00e7\u0131kard\u0131klar\u0131 ve yurt d\u0131\u015f\u0131na ka\u00e7maya \u00e7al\u0131\u015ft\u0131klar\u0131 belirlenen ya\u015fl\u0131 \u00e7iftin torunu ile e\u015fi dahil toplam 4 ki\u015fi tutuklanarak cezaevine g\u00f6nderildi.<\/p>\n<p>Alevler evi sard\u0131, ac\u0131 haber geldi<br \/>\n<br \/>Olay, 5 Mart gecesi saat 01.00 sular\u0131nda Yata\u011fan\u2019\u0131n Turgut Mahallesi\u2019nde meydana geldi. Nazire K. (76) ve As\u0131m K. (87) \u00e7iftine ait m\u00fcstakil evde hen\u00fcz bilinmeyen bir nedenle \u00e7\u0131kan yang\u0131n, k\u0131sa s\u00fcrede t\u00fcm binay\u0131 sard\u0131. \u00c7evredekilerin ihbar\u0131 \u00fczerine olay yerine gelen itfaiye ekipleri, Nazire K.\u2019nin cans\u0131z bedenine ula\u015f\u0131rken, a\u011f\u0131r yaral\u0131 olarak hastaneye kald\u0131r\u0131lan As\u0131m K. ise doktorlar\u0131n t\u00fcm \u00e7abas\u0131na ra\u011fmen kurtar\u0131lamad\u0131.<\/p>\n<p>Ka\u00e7\u0131\u015f plan\u0131 \u0130stanbul Havaliman\u0131\u2019nda son buldu<br \/>\n<br \/>Yata\u011fan Cumhuriyet Ba\u015fsavc\u0131l\u0131\u011f\u0131 koordinesinde y\u00fcr\u00fct\u00fclen soru\u015fturmada, Jandarma Su\u00e7 Ara\u015ft\u0131rma Timi (JASAT) yang\u0131n\u0131n bir kundaklama olabilece\u011fi \u015f\u00fcphesi \u00fczerine derinlemesine inceleme ba\u015flatt\u0131. Teknik ve fiziki takibin ard\u0131ndan \u015f\u00fcpheler, ya\u015fl\u0131 \u00e7iftin torunu B.K. (25) ve e\u015fi K.K. \u00fczerinde yo\u011funla\u015ft\u0131.<br \/>\n<br \/>Hakk\u0131nda yakalama karar\u0131 \u00e7\u0131kar\u0131lan \u015f\u00fcphelilerin izini s\u00fcren ekipler, \u00e7iftin yurt d\u0131\u015f\u0131na ka\u00e7mak \u00fczere \u0130stanbul Havaliman\u0131\u2019na gitti\u011fini tespit etti. D\u00fczenlenen operasyonla firari \u015f\u00fcpheliler u\u00e7u\u015f haz\u0131rl\u0131\u011f\u0131ndayken k\u0131sk\u0131vrak yakaland\u0131. Soru\u015fturman\u0131n geni\u015fletilmesiyle birlikte, zanl\u0131lara yard\u0131m ve yatakl\u0131k etti\u011fi iddia edilen 4 ki\u015fi daha g\u00f6zalt\u0131na al\u0131nd\u0131.<\/p>\n<p>4 tutuklama, 2 adli kontrol<br \/>\n<br \/>Jandarmadaki i\u015flemleri tamamlanan \u015f\u00fcpheliler adli makamlara sevk edildi. Torun B.K., e\u015fi K.K. ile yard\u0131m ve yatakl\u0131k su\u00e7lamas\u0131yla g\u00f6zalt\u0131na al\u0131nan \u00dc.K., S.K. ve E.G. Yata\u011fan Adliyesi\u2019ne getirildi. Ankara\u2019da bulunan \u015f\u00fcpheli U\u011fur K. ise sorgusuna SEGB\u0130S (Ses ve G\u00f6r\u00fcnt\u00fc Bili\u015fim Sistemi) arac\u0131l\u0131\u011f\u0131yla kat\u0131ld\u0131.<br \/>\n<br \/>Savc\u0131l\u0131ktaki ifadelerin ard\u0131ndan mahkemeye \u00e7\u0131kar\u0131lan B.K., K.K., U.K. ve E.G. &#8220;Vah\u015fice adam \u00f6ld\u00fcrme&#8221; su\u00e7undan tutuklanarak cezaevine g\u00f6nderildi.<br \/>\n<br \/>\u00dc.K. ve S.K. ise adli kontrol \u015fart\u0131yla serbest b\u0131rak\u0131ld\u0131.<br \/><\/p>\n","protected":false},"excerpt":{"rendered":"<p>Mu\u011fla\u2019n\u0131n Yata\u011fan il\u00e7esinde ya\u015fl\u0131 bir \u00e7iftin hayat\u0131n\u0131 kaybetti\u011fi ev yang\u0131n\u0131n\u0131n ard\u0131ndaki korkun\u00e7 ger\u00e7ek JASAT ekiplerinin titiz \u00e7al\u0131\u015fmas\u0131yla ortaya \u00e7\u0131kt\u0131. Yang\u0131n\u0131 \u00e7\u0131kard\u0131klar\u0131 ve yurt d\u0131\u015f\u0131na ka\u00e7maya \u00e7al\u0131\u015ft\u0131klar\u0131 belirlenen ya\u015fl\u0131 \u00e7iftin torunu ile e\u015fi dahil toplam 4 ki\u015fi tutuklanarak cezaevine g\u00f6nderildi. Alevler evi sard\u0131, ac\u0131 haber geldi Olay, 5 Mart gecesi saat 01.00 sular\u0131nda Yata\u011fan\u2019\u0131n Turgut Mahallesi\u2019nde&#8230;<\/p>\n","protected":false},"author":1,"featured_media":94039,"comment_status":"open","ping_status":"open","sticky":false,"template":"","format":"standard","meta":{"_crdt_document":"","footnotes":""},"categories":[5],"tags":[],"class_list":["post-94038","post","type-post","status-publish","format-standard","has-post-thumbnail","hentry","category-asayis"],"_links":{"self":[{"href":"https:\/\/www.egemtv.com\/index.php?rest_route=\/wp\/v2\/posts\/94038","targetHints":{"allow":["GET"]}}],"collection":[{"href":"https:\/\/www.egemtv.com\/index.php?rest_route=\/wp\/v2\/posts"}],"about":[{"href":"https:\/\/www.egemtv.com\/index.php?rest_route=\/wp\/v2\/types\/post"}],"author":[{"embeddable":true,"href":"https:\/\/www.egemtv.com\/index.php?rest_route=\/wp\/v2\/users\/1"}],"replies":[{"embeddable":true,"href":"https:\/\/www.egemtv.com\/index.php?rest_route=%2Fwp%2Fv2%2Fcomments&post=94038"}],"version-history":[{"count":1,"href":"https:\/\/www.egemtv.com\/index.php?rest_route=\/wp\/v2\/posts\/94038\/revisions"}],"predecessor-version":[{"id":94040,"href":"https:\/\/www.egemtv.com\/index.php?rest_route=\/wp\/v2\/posts\/94038\/revisions\/94040"}],"wp:featuredmedia":[{"embeddable":true,"href":"https:\/\/www.egemtv.com\/index.php?rest_route=\/wp\/v2\/media\/94039"}],"wp:attachment":[{"href":"https:\/\/www.egemtv.com\/index.php?rest_route=%2Fwp%2Fv2%2Fmedia&parent=94038"}],"wp:term":[{"taxonomy":"category","embeddable":true,"href":"https:\/\/www.egemtv.com\/index.php?rest_route=%2Fwp%2Fv2%2Fcategories&post=94038"},{"taxonomy":"post_tag","embeddable":true,"href":"https:\/\/www.egemtv.com\/index.php?rest_route=%2Fwp%2Fv2%2Ftags&post=94038"}],"curies":[{"name":"wp","href":"https:\/\/api.w.org\/{rel}","templated":true}]}}