{"id":94035,"date":"2026-03-14T09:34:42","date_gmt":"2026-03-14T06:34:42","guid":{"rendered":"https:\/\/www.egemtv.com\/?p=94035"},"modified":"2026-03-14T09:34:43","modified_gmt":"2026-03-14T06:34:43","slug":"kusadasi-baskan-gunel-icin-tek-yurek-oldu","status":"publish","type":"post","link":"https:\/\/www.egemtv.com\/?p=94035","title":{"rendered":"Ku\u015fadas\u0131, Ba\u015fkan G\u00fcnel i\u00e7in tek y\u00fcrek oldu"},"content":{"rendered":"<p>Cumhuriyet Halk Partisi (CHP) Ayd\u0131n \u0130l \u00d6rg\u00fct\u00fc, CHP Ayd\u0131n Milletvekilleri, CHP\u2019li il\u00e7e belediye ba\u015fkanlar\u0131 ve Ayd\u0131n B\u00fcy\u00fck\u015fehir Belediyesi\u2019nin CHP\u2019li Meclis \u00fcyeleri, CHP Ku\u015fadas\u0131 \u0130l\u00e7e \u00d6rg\u00fct\u00fc binas\u0131nda bir araya gelerek Ba\u015fkan G\u00fcnel\u2019e dayan\u0131\u015fma mesaj\u0131 verdi. CHP heyeti daha sonra Ku\u015fadas\u0131 Belediyesi\u2019nin d\u00fczenledi\u011fi iftar yeme\u011fine kat\u0131l\u0131p, vatanda\u015flara hay\u0131rl\u0131 ramazanlar diledi.<\/p>\n<p>Cumhuriyet Halk Partisi, Ku\u015fadas\u0131 Belediye Ba\u015fkan\u0131 \u00d6mer G\u00fcnel\u2019in \u0130stanbul\u2019da g\u00f6zalt\u0131na al\u0131nmas\u0131na kar\u015f\u0131 tek y\u00fcrek oldu. Bu kapsamda, CHP Ayd\u0131n \u0130l \u00d6rg\u00fct\u00fc, CHP Ayd\u0131n Milletvekilleri, CHP\u2019li il\u00e7e belediye ba\u015fkanlar\u0131 ve Ayd\u0131n B\u00fcy\u00fck\u015fehir Belediyesi\u2019nin CHP\u2019li Meclis \u00fcyeleri, Ba\u015fkan \u00d6mer G\u00fcnel\u2019e destek olmak i\u00e7in CHP Ku\u015fadas\u0131 \u0130l\u00e7e \u00d6rg\u00fct\u00fc binas\u0131nda bir araya geldi. Birlik ve beraberlik mesajlar\u0131n\u0131n verilmesinin ard\u0131ndan CHP\u2019li y\u00f6neticiler ve belediye ba\u015fkanlar\u0131 Ku\u015fadas\u0131 Belediyesi taraf\u0131ndan Cumhuriyet Mahallesi\u2019nde verilen iftar yeme\u011fine kat\u0131ld\u0131. CHP Ayd\u0131n \u0130l \u00d6rg\u00fct\u00fc Ba\u015fkan\u0131 Hikmet Saat\u00e7\u0131, CHP Ayd\u0131n Milletvekilleri S\u00fcleyman B\u00fclb\u00fcl ve Evrim Karakoz vatanda\u015flara hay\u0131rl\u0131 iftarlar dileyip, s\u00fcre\u00e7le ilgili bilgi verdi. Dualar\u0131n edilmesinin ard\u0131ndan da hep birlikte oru\u00e7lar a\u00e7\u0131ld\u0131.<br \/><\/p>\n","protected":false},"excerpt":{"rendered":"<p>Cumhuriyet Halk Partisi (CHP) Ayd\u0131n \u0130l \u00d6rg\u00fct\u00fc, CHP Ayd\u0131n Milletvekilleri, CHP\u2019li il\u00e7e belediye ba\u015fkanlar\u0131 ve Ayd\u0131n B\u00fcy\u00fck\u015fehir Belediyesi\u2019nin CHP\u2019li Meclis \u00fcyeleri, CHP Ku\u015fadas\u0131 \u0130l\u00e7e \u00d6rg\u00fct\u00fc binas\u0131nda bir araya gelerek Ba\u015fkan G\u00fcnel\u2019e dayan\u0131\u015fma mesaj\u0131 verdi. CHP heyeti daha sonra Ku\u015fadas\u0131 Belediyesi\u2019nin d\u00fczenledi\u011fi iftar yeme\u011fine kat\u0131l\u0131p, vatanda\u015flara hay\u0131rl\u0131 ramazanlar diledi. Cumhuriyet Halk Partisi, Ku\u015fadas\u0131 Belediye Ba\u015fkan\u0131 \u00d6mer&#8230;<\/p>\n","protected":false},"author":1,"featured_media":94036,"comment_status":"open","ping_status":"open","sticky":false,"template":"","format":"standard","meta":{"_crdt_document":"","footnotes":""},"categories":[127],"tags":[],"class_list":["post-94035","post","type-post","status-publish","format-standard","has-post-thumbnail","hentry","category-siyaset"],"_links":{"self":[{"href":"https:\/\/www.egemtv.com\/index.php?rest_route=\/wp\/v2\/posts\/94035","targetHints":{"allow":["GET"]}}],"collection":[{"href":"https:\/\/www.egemtv.com\/index.php?rest_route=\/wp\/v2\/posts"}],"about":[{"href":"https:\/\/www.egemtv.com\/index.php?rest_route=\/wp\/v2\/types\/post"}],"author":[{"embeddable":true,"href":"https:\/\/www.egemtv.com\/index.php?rest_route=\/wp\/v2\/users\/1"}],"replies":[{"embeddable":true,"href":"https:\/\/www.egemtv.com\/index.php?rest_route=%2Fwp%2Fv2%2Fcomments&post=94035"}],"version-history":[{"count":1,"href":"https:\/\/www.egemtv.com\/index.php?rest_route=\/wp\/v2\/posts\/94035\/revisions"}],"predecessor-version":[{"id":94037,"href":"https:\/\/www.egemtv.com\/index.php?rest_route=\/wp\/v2\/posts\/94035\/revisions\/94037"}],"wp:featuredmedia":[{"embeddable":true,"href":"https:\/\/www.egemtv.com\/index.php?rest_route=\/wp\/v2\/media\/94036"}],"wp:attachment":[{"href":"https:\/\/www.egemtv.com\/index.php?rest_route=%2Fwp%2Fv2%2Fmedia&parent=94035"}],"wp:term":[{"taxonomy":"category","embeddable":true,"href":"https:\/\/www.egemtv.com\/index.php?rest_route=%2Fwp%2Fv2%2Fcategories&post=94035"},{"taxonomy":"post_tag","embeddable":true,"href":"https:\/\/www.egemtv.com\/index.php?rest_route=%2Fwp%2Fv2%2Ftags&post=94035"}],"curies":[{"name":"wp","href":"https:\/\/api.w.org\/{rel}","templated":true}]}}