{"id":94032,"date":"2026-03-14T09:34:41","date_gmt":"2026-03-14T06:34:41","guid":{"rendered":"https:\/\/www.egemtv.com\/?p=94032"},"modified":"2026-03-14T09:34:42","modified_gmt":"2026-03-14T06:34:42","slug":"baskan-gencay-bu-yil-3-kez-turkiye-yelken-sampiyonasina-ev-sahipligi-yapmak-buyuk-mutluluk","status":"publish","type":"post","link":"https:\/\/www.egemtv.com\/?p=94032","title":{"rendered":"Ba\u015fkan Gen\u00e7ay: &#8220;Bu y\u0131l 3.kez T\u00fcrkiye Yelken \u015eampiyonas\u0131\u2019na ev sahipli\u011fi yapmak b\u00fcy\u00fck mutluluk&#8221;"},"content":{"rendered":"<p>2025-2026 TYF Yelken Ligi 2. Ayak Formula Kite-Wingfoil T\u00fcrkiye \u015eampiyonas\u0131, Didim\u2019de ger\u00e7ekle\u015ftirilen final yar\u0131\u015flar\u0131n\u0131n ard\u0131ndan sona erdi. Didim Belediyesi\u2019nin ev sahipli\u011finde bu y\u0131l farkl\u0131 kategorilerde \u00fc\u00e7\u00fcnc\u00fc kez d\u00fczenlenen \u015fampiyona organizasyonu, T\u00fcrkiye\u2019nin d\u00f6rt bir yan\u0131ndan gelen sporcular\u0131 Didim\u2019in berrak sular\u0131nda bulu\u015fturdu.<br \/>\n<br \/>Didim\u2019de ger\u00e7ekle\u015ftirilen yar\u0131\u015flar, sportif rekabetin yan\u0131 s\u0131ra g\u00f6rsel bir \u015f\u00f6len niteli\u011fiyle de izleyenlerden b\u00fcy\u00fck be\u011feni toplad\u0131. R\u00fczgar\u0131n g\u00fcc\u00fcn\u00fc arkas\u0131na alan sporcular, y\u00fcksek tempolu yar\u0131\u015flarda teknik becerilerini, stratejik hamlelerini ve fiziksel dayan\u0131kl\u0131l\u0131klar\u0131n\u0131 ortaya koyarak heyecan dolu anlar ya\u015fatt\u0131. Yar\u0131\u015flar\u0131n tamamlanmas\u0131n\u0131n ard\u0131ndan Didim Amfi Tiyatro\u2019da \u00f6d\u00fcl t\u00f6reni ger\u00e7ekle\u015ftirildi. T\u00f6rende dereceye giren sporculara \u00f6d\u00fclleri takdim edilirken, organizasyon toplu foto\u011fraf \u00e7ekimiyle sona erdi.<br \/>\n<br \/>Ba\u015fkan Gen\u00e7ay: &#8220;Ege\u2019nin incisi Didim ulusal organizasyonlarda da \u00f6ne \u00e7\u0131k\u0131yor&#8221;<br \/>\n<br \/>Didim Belediye Ba\u015fkan\u0131 Hatice Gen\u00e7ay, organizasyonla ilgili a\u00e7\u0131klamas\u0131nda, &#8220;Didim, tarihi miras\u0131, e\u015fsiz do\u011fas\u0131, zengin k\u00fclt\u00fcr\u00fc, tar\u0131m\u0131 ve turizm potansiyeliyle \u00f6ne \u00e7\u0131kan bir kent. Ulusal \u00f6l\u00e7ekli etkinliklerde kendini g\u00f6stererek sadece turizm ve tarih a\u00e7\u0131s\u0131ndan de\u011fil, spor ve sporcular i\u00e7in de \u00f6nemli bir merkez oldu\u011funu kan\u0131tl\u0131yor. T\u00fcrkiye\u2019nin d\u00f6rt bir yan\u0131ndan gelen sporcular\u0131 il\u00e7emizde a\u011f\u0131rlamaktan b\u00fcy\u00fck mutluluk duyduk. Bu t\u00fcr organizasyonlar hem sporun geli\u015fmesine katk\u0131 sa\u011fl\u0131yor hem de Didim\u2019in tan\u0131t\u0131m\u0131na de\u011fer kat\u0131yor. T\u00fcm sporcular\u0131m\u0131z\u0131 tebrik ediyor, ba\u015far\u0131lar\u0131n\u0131n devam\u0131n\u0131 diliyorum.&#8221; ifadelerini kulland\u0131.<br \/><\/p>\n","protected":false},"excerpt":{"rendered":"<p>2025-2026 TYF Yelken Ligi 2. Ayak Formula Kite-Wingfoil T\u00fcrkiye \u015eampiyonas\u0131, Didim\u2019de ger\u00e7ekle\u015ftirilen final yar\u0131\u015flar\u0131n\u0131n ard\u0131ndan sona erdi. Didim Belediyesi\u2019nin ev sahipli\u011finde bu y\u0131l farkl\u0131 kategorilerde \u00fc\u00e7\u00fcnc\u00fc kez d\u00fczenlenen \u015fampiyona organizasyonu, T\u00fcrkiye\u2019nin d\u00f6rt bir yan\u0131ndan gelen sporcular\u0131 Didim\u2019in berrak sular\u0131nda bulu\u015fturdu. Didim\u2019de ger\u00e7ekle\u015ftirilen yar\u0131\u015flar, sportif rekabetin yan\u0131 s\u0131ra g\u00f6rsel bir \u015f\u00f6len niteli\u011fiyle de izleyenlerden b\u00fcy\u00fck be\u011feni&#8230;<\/p>\n","protected":false},"author":1,"featured_media":94033,"comment_status":"open","ping_status":"open","sticky":false,"template":"","format":"standard","meta":{"_crdt_document":"","footnotes":""},"categories":[1],"tags":[],"class_list":["post-94032","post","type-post","status-publish","format-standard","has-post-thumbnail","hentry","category-guncel"],"_links":{"self":[{"href":"https:\/\/www.egemtv.com\/index.php?rest_route=\/wp\/v2\/posts\/94032","targetHints":{"allow":["GET"]}}],"collection":[{"href":"https:\/\/www.egemtv.com\/index.php?rest_route=\/wp\/v2\/posts"}],"about":[{"href":"https:\/\/www.egemtv.com\/index.php?rest_route=\/wp\/v2\/types\/post"}],"author":[{"embeddable":true,"href":"https:\/\/www.egemtv.com\/index.php?rest_route=\/wp\/v2\/users\/1"}],"replies":[{"embeddable":true,"href":"https:\/\/www.egemtv.com\/index.php?rest_route=%2Fwp%2Fv2%2Fcomments&post=94032"}],"version-history":[{"count":1,"href":"https:\/\/www.egemtv.com\/index.php?rest_route=\/wp\/v2\/posts\/94032\/revisions"}],"predecessor-version":[{"id":94034,"href":"https:\/\/www.egemtv.com\/index.php?rest_route=\/wp\/v2\/posts\/94032\/revisions\/94034"}],"wp:featuredmedia":[{"embeddable":true,"href":"https:\/\/www.egemtv.com\/index.php?rest_route=\/wp\/v2\/media\/94033"}],"wp:attachment":[{"href":"https:\/\/www.egemtv.com\/index.php?rest_route=%2Fwp%2Fv2%2Fmedia&parent=94032"}],"wp:term":[{"taxonomy":"category","embeddable":true,"href":"https:\/\/www.egemtv.com\/index.php?rest_route=%2Fwp%2Fv2%2Fcategories&post=94032"},{"taxonomy":"post_tag","embeddable":true,"href":"https:\/\/www.egemtv.com\/index.php?rest_route=%2Fwp%2Fv2%2Ftags&post=94032"}],"curies":[{"name":"wp","href":"https:\/\/api.w.org\/{rel}","templated":true}]}}