{"id":94029,"date":"2026-03-14T09:34:40","date_gmt":"2026-03-14T06:34:40","guid":{"rendered":"https:\/\/www.egemtv.com\/?p=94029"},"modified":"2026-03-14T09:34:41","modified_gmt":"2026-03-14T06:34:41","slug":"baskan-cercioglu-bakan-bayraktar-ile-birlikte-iftarda-vatandaslarla-bir-araya-geldi","status":"publish","type":"post","link":"https:\/\/www.egemtv.com\/?p=94029","title":{"rendered":"Ba\u015fkan \u00c7er\u00e7io\u011flu, Bakan Bayraktar ile birlikte iftarda vatanda\u015flarla bir araya geldi"},"content":{"rendered":"<p>Ayd\u0131n B\u00fcy\u00fck\u015fehir Belediyesi, her y\u0131l oldu\u011fu gibi bu y\u0131l da Ramazan ay\u0131 boyunca kentin d\u00f6rt bir yan\u0131nda iftar sofralar\u0131 kurmaya devam ediyor.<\/p>\n<p>Ayd\u0131n B\u00fcy\u00fck\u015fehir Belediye Ba\u015fkan\u0131 \u00d6zlem \u00c7er\u00e7io\u011flu, Enerji ve Tabii Kaynaklar Bakan\u0131 Alparslan Bayraktar ile birlikte Atat\u00fcrk Kent Meydan\u0131\u2019nda d\u00fczenlenen iftar program\u0131nda vatanda\u015flar ile bir araya geldi. Ayd\u0131n B\u00fcy\u00fck\u015fehir Belediyesi taraf\u0131ndan d\u00fczenlenen iftar program\u0131na Ayd\u0131n Valisi Yakup Canpolat, AK Parti Ayd\u0131n \u0130l Ba\u015fkan\u0131 Mehmet Erdem, AK Parti Ayd\u0131n Milletvekilleri Seda Sar\u0131ba\u015f ve Mustafa Sava\u015f ile AK Parti MKYK \u00dcyesi Mehmet Umut Tuncer de kat\u0131ld\u0131. B\u00fcy\u00fck\u015fehir Belediyesi\u2019nin sofras\u0131nda iftarlar hep birlikte a\u00e7\u0131ld\u0131, Ramazan ay\u0131n\u0131n bereketi payla\u015f\u0131ld\u0131.<\/p>\n<p>B\u00fcy\u00fck\u015fehir Belediyesi\u2019nin iftar sofralar\u0131 Atat\u00fcrk Kent Meydan\u0131\u2019n\u0131n yan\u0131 s\u0131ra Nazilli il\u00e7esinde \u00c7apahasan Mahallesi\u2019nde, Ku\u015fadas\u0131 il\u00e7esinde G\u00fczel\u00e7aml\u0131 Mahallesi\u2019nde, K\u00f6\u015fk il\u00e7esinde \u00c7iftlik Mahallesi\u2019nde, Kuyucak il\u00e7esinde Kayran Mahallesi\u2019nde, Germencik il\u00e7esinde Me\u015feli Mahallesi\u2019nde, Yenipazar il\u00e7esinde Belediye Meydan\u0131\u2019nda ve Efeler il\u00e7esinde Yenik\u00f6y ile Kuyulu Mahallelerinde kuruldu.<\/p>\n<p>\u0130ftar sofralar\u0131n\u0131n kurulmas\u0131ndan memnuniyet duyduklar\u0131n\u0131 belirten vatanda\u015flar Ba\u015fkan \u00c7er\u00e7io\u011flu\u2019na te\u015fekk\u00fcr etti.<br \/><\/p>\n","protected":false},"excerpt":{"rendered":"<p>Ayd\u0131n B\u00fcy\u00fck\u015fehir Belediyesi, her y\u0131l oldu\u011fu gibi bu y\u0131l da Ramazan ay\u0131 boyunca kentin d\u00f6rt bir yan\u0131nda iftar sofralar\u0131 kurmaya devam ediyor. Ayd\u0131n B\u00fcy\u00fck\u015fehir Belediye Ba\u015fkan\u0131 \u00d6zlem \u00c7er\u00e7io\u011flu, Enerji ve Tabii Kaynaklar Bakan\u0131 Alparslan Bayraktar ile birlikte Atat\u00fcrk Kent Meydan\u0131\u2019nda d\u00fczenlenen iftar program\u0131nda vatanda\u015flar ile bir araya geldi. Ayd\u0131n B\u00fcy\u00fck\u015fehir Belediyesi taraf\u0131ndan d\u00fczenlenen iftar program\u0131na&#8230;<\/p>\n","protected":false},"author":1,"featured_media":94030,"comment_status":"open","ping_status":"open","sticky":false,"template":"","format":"standard","meta":{"_crdt_document":"","footnotes":""},"categories":[1],"tags":[],"class_list":["post-94029","post","type-post","status-publish","format-standard","has-post-thumbnail","hentry","category-guncel"],"_links":{"self":[{"href":"https:\/\/www.egemtv.com\/index.php?rest_route=\/wp\/v2\/posts\/94029","targetHints":{"allow":["GET"]}}],"collection":[{"href":"https:\/\/www.egemtv.com\/index.php?rest_route=\/wp\/v2\/posts"}],"about":[{"href":"https:\/\/www.egemtv.com\/index.php?rest_route=\/wp\/v2\/types\/post"}],"author":[{"embeddable":true,"href":"https:\/\/www.egemtv.com\/index.php?rest_route=\/wp\/v2\/users\/1"}],"replies":[{"embeddable":true,"href":"https:\/\/www.egemtv.com\/index.php?rest_route=%2Fwp%2Fv2%2Fcomments&post=94029"}],"version-history":[{"count":1,"href":"https:\/\/www.egemtv.com\/index.php?rest_route=\/wp\/v2\/posts\/94029\/revisions"}],"predecessor-version":[{"id":94031,"href":"https:\/\/www.egemtv.com\/index.php?rest_route=\/wp\/v2\/posts\/94029\/revisions\/94031"}],"wp:featuredmedia":[{"embeddable":true,"href":"https:\/\/www.egemtv.com\/index.php?rest_route=\/wp\/v2\/media\/94030"}],"wp:attachment":[{"href":"https:\/\/www.egemtv.com\/index.php?rest_route=%2Fwp%2Fv2%2Fmedia&parent=94029"}],"wp:term":[{"taxonomy":"category","embeddable":true,"href":"https:\/\/www.egemtv.com\/index.php?rest_route=%2Fwp%2Fv2%2Fcategories&post=94029"},{"taxonomy":"post_tag","embeddable":true,"href":"https:\/\/www.egemtv.com\/index.php?rest_route=%2Fwp%2Fv2%2Ftags&post=94029"}],"curies":[{"name":"wp","href":"https:\/\/api.w.org\/{rel}","templated":true}]}}