{"id":94026,"date":"2026-03-14T09:14:40","date_gmt":"2026-03-14T06:14:40","guid":{"rendered":"https:\/\/www.egemtv.com\/?p=94026"},"modified":"2026-03-14T09:14:42","modified_gmt":"2026-03-14T06:14:42","slug":"traktorun-giremedigi-zeytinlikte-uretim-atlarla-suruyor","status":"publish","type":"post","link":"https:\/\/www.egemtv.com\/?p=94026","title":{"rendered":"Trakt\u00f6r\u00fcn giremedi\u011fi zeytinlikte \u00fcretim atlarla s\u00fcr\u00fcyor"},"content":{"rendered":"<p>Ayd\u0131n\u2019\u0131n Efeler il\u00e7esinde engebeli arazide trakt\u00f6r\u00fcn giremedi\u011fi zeytinlikte \u00fcretici Hidayet Do\u011fan, topra\u011f\u0131 atlarla s\u00fcrerek tar\u0131msal \u00fcretimini s\u00fcrd\u00fcr\u00fcyor.<\/p>\n<p>Modern tar\u0131m teknolojilerinin yayg\u0131nla\u015fmas\u0131na ra\u011fmen baz\u0131 \u00fcreticiler, arazinin \u015fartlar\u0131na g\u00f6re geleneksel y\u00f6ntemlerle \u00fcretim yapmaya devam ediyor. Saha \u00e7al\u0131\u015fmalar\u0131na devam eden Efeler \u0130l\u00e7e Tar\u0131m ve Orman M\u00fcd\u00fcrl\u00fc\u011f\u00fc ekipleri de Horozk\u00f6y Mahallesi\u2019nde yap\u0131lan ziyaret s\u0131ras\u0131nda \u00fcretici Hidayet Do\u011fan\u2019\u0131n zeytinlikte atlarla \u00e7ift s\u00fcrd\u00fc\u011f\u00fcn\u00fc g\u00f6rd\u00fc. Son y\u0131llarda tar\u0131mda dron ile zirai m\u00fccadele, otomatik d\u00fcmene sahip trakt\u00f6rler gibi teknolojilerin kullan\u0131m\u0131n\u0131n artt\u0131\u011f\u0131na dikkat \u00e7ekilirken, \u00f6zellikle engebeli ve trakt\u00f6r\u00fcn \u00e7al\u0131\u015fmas\u0131n\u0131n zor oldu\u011fu arazilerde geleneksel y\u00f6ntemlerin hala \u00f6nemini korudu\u011fu belirtildi.<\/p>\n<p>Efeler \u0130l\u00e7e Tar\u0131m ve Orman M\u00fcd\u00fcrl\u00fc\u011f\u00fc\u2019nden yap\u0131lan payla\u015f\u0131mda, \u00fcreticilerin arazi \u015fartlar\u0131na g\u00f6re farkl\u0131 y\u00f6ntemleri de\u011ferlendirerek \u00fcretimlerini s\u00fcrd\u00fcrd\u00fckleri ifade edilirken, payla\u015f\u0131mda &#8220;Trakt\u00f6r\u00fcn \u00e7al\u0131\u015famayaca\u011f\u0131 engebeli arazilerde elbette ba\u015fka bir se\u00e7enek yok. \u00dcreticilerimiz b\u00fct\u00fcn se\u00e7enekleri de\u011ferlendiriyor ve \u00fcretimlerine devam etmek i\u00e7in t\u00fcm imkanlar\u0131n\u0131 kullan\u0131yor. \u00dcreticilerimizin her durumda yapabilecekleri bir \u015fey var. B\u00fct\u00fcn se\u00e7enekleri de\u011ferlendiriyorlar ve \u00fcretimlerine devam etmek i\u00e7in b\u00fct\u00fcn imkanlar\u0131n\u0131 kullan\u0131yorlar. Hepsine ayr\u0131 ayr\u0131 te\u015fekk\u00fcr ediyoruz&#8221; ifadeleri yer ald\u0131.<br \/><\/p>\n","protected":false},"excerpt":{"rendered":"<p>Ayd\u0131n\u2019\u0131n Efeler il\u00e7esinde engebeli arazide trakt\u00f6r\u00fcn giremedi\u011fi zeytinlikte \u00fcretici Hidayet Do\u011fan, topra\u011f\u0131 atlarla s\u00fcrerek tar\u0131msal \u00fcretimini s\u00fcrd\u00fcr\u00fcyor. Modern tar\u0131m teknolojilerinin yayg\u0131nla\u015fmas\u0131na ra\u011fmen baz\u0131 \u00fcreticiler, arazinin \u015fartlar\u0131na g\u00f6re geleneksel y\u00f6ntemlerle \u00fcretim yapmaya devam ediyor. Saha \u00e7al\u0131\u015fmalar\u0131na devam eden Efeler \u0130l\u00e7e Tar\u0131m ve Orman M\u00fcd\u00fcrl\u00fc\u011f\u00fc ekipleri de Horozk\u00f6y Mahallesi\u2019nde yap\u0131lan ziyaret s\u0131ras\u0131nda \u00fcretici Hidayet Do\u011fan\u2019\u0131n zeytinlikte atlarla&#8230;<\/p>\n","protected":false},"author":1,"featured_media":94027,"comment_status":"open","ping_status":"open","sticky":false,"template":"","format":"standard","meta":{"_crdt_document":"","footnotes":""},"categories":[1],"tags":[],"class_list":["post-94026","post","type-post","status-publish","format-standard","has-post-thumbnail","hentry","category-guncel"],"_links":{"self":[{"href":"https:\/\/www.egemtv.com\/index.php?rest_route=\/wp\/v2\/posts\/94026","targetHints":{"allow":["GET"]}}],"collection":[{"href":"https:\/\/www.egemtv.com\/index.php?rest_route=\/wp\/v2\/posts"}],"about":[{"href":"https:\/\/www.egemtv.com\/index.php?rest_route=\/wp\/v2\/types\/post"}],"author":[{"embeddable":true,"href":"https:\/\/www.egemtv.com\/index.php?rest_route=\/wp\/v2\/users\/1"}],"replies":[{"embeddable":true,"href":"https:\/\/www.egemtv.com\/index.php?rest_route=%2Fwp%2Fv2%2Fcomments&post=94026"}],"version-history":[{"count":1,"href":"https:\/\/www.egemtv.com\/index.php?rest_route=\/wp\/v2\/posts\/94026\/revisions"}],"predecessor-version":[{"id":94028,"href":"https:\/\/www.egemtv.com\/index.php?rest_route=\/wp\/v2\/posts\/94026\/revisions\/94028"}],"wp:featuredmedia":[{"embeddable":true,"href":"https:\/\/www.egemtv.com\/index.php?rest_route=\/wp\/v2\/media\/94027"}],"wp:attachment":[{"href":"https:\/\/www.egemtv.com\/index.php?rest_route=%2Fwp%2Fv2%2Fmedia&parent=94026"}],"wp:term":[{"taxonomy":"category","embeddable":true,"href":"https:\/\/www.egemtv.com\/index.php?rest_route=%2Fwp%2Fv2%2Fcategories&post=94026"},{"taxonomy":"post_tag","embeddable":true,"href":"https:\/\/www.egemtv.com\/index.php?rest_route=%2Fwp%2Fv2%2Ftags&post=94026"}],"curies":[{"name":"wp","href":"https:\/\/api.w.org\/{rel}","templated":true}]}}