{"id":94023,"date":"2026-03-14T09:14:39","date_gmt":"2026-03-14T06:14:39","guid":{"rendered":"https:\/\/www.egemtv.com\/?p=94023"},"modified":"2026-03-14T09:14:40","modified_gmt":"2026-03-14T06:14:40","slug":"adu-turkiyede-ilk-ucte","status":"publish","type":"post","link":"https:\/\/www.egemtv.com\/?p=94023","title":{"rendered":"AD\u00dc T\u00fcrkiye\u2019de ilk \u00fc\u00e7te"},"content":{"rendered":"<p>Adnan Menderes \u00dcniversitesi, T\u00fcrkiye \u00dcniversite Sporlar\u0131 Federasyonu taraf\u0131ndan d\u00fczenlenen \u00dcN\u0130L\u0130G 2025-2026 sezonunun ilk \u00fc\u00e7 ayl\u0131k d\u00f6nemi sonunda T\u00fcrkiye genelinde \u00f6nemli bir ba\u015far\u0131ya imza att\u0131. \u00dcniversiteler s\u0131ralamas\u0131nda AD\u00dc, 145 \u00fcniversite aras\u0131nda ilk \u00fc\u00e7e girerek ad\u0131n\u0131 k\u00fcrs\u00fcye yazd\u0131rd\u0131.<br \/>\n<br \/>Sezonun ilk \u00fc\u00e7 ayl\u0131k performans\u0131na g\u00f6re yap\u0131lan de\u011ferlendirmede, \u00f6\u011frenciler 12 alt\u0131n, 7 g\u00fcm\u00fc\u015f ve 6 bronz olmak \u00fczere toplam 25 madalya kazanarak \u00fcniversitemizi 3. s\u0131raya ta\u015f\u0131d\u0131.<br \/>\n<br \/>Rekt\u00f6r Prof. Dr. B\u00fclent Kent, &#8220;\u00dcniversitemizin spor alan\u0131nda elde etti\u011fi bu anlaml\u0131 ba\u015far\u0131 bizleri son derece gururland\u0131rm\u0131\u015ft\u0131r. \u00dcN\u0130L\u0130G 2025-2026 sezonunun ilk d\u00f6neminde g\u00f6sterdikleri \u00fcst\u00fcn performansla \u00fcniversitemizi T\u00fcrkiye genelinde ilk \u00fc\u00e7e ta\u015f\u0131yan t\u00fcm \u00f6\u011frencilerimizi, antren\u00f6rlerimizi ve s\u00fcrece katk\u0131 sunan akademik birimlerimizi y\u00fcrekten tebrik ediyorum. Bu ba\u015far\u0131lar\u0131n, disiplinli \u00e7al\u0131\u015fma ve g\u00fc\u00e7l\u00fc tak\u0131m ruhunun bir sonucu oldu\u011funa inan\u0131yorum. Sezonun geri kalan\u0131nda da yeni ba\u015far\u0131lar\u0131n artarak devam edece\u011fine inan\u0131yor, eme\u011fi ge\u00e7en herkese te\u015fekk\u00fcr ediyorum&#8221; dedi.<br \/><\/p>\n","protected":false},"excerpt":{"rendered":"<p>Adnan Menderes \u00dcniversitesi, T\u00fcrkiye \u00dcniversite Sporlar\u0131 Federasyonu taraf\u0131ndan d\u00fczenlenen \u00dcN\u0130L\u0130G 2025-2026 sezonunun ilk \u00fc\u00e7 ayl\u0131k d\u00f6nemi sonunda T\u00fcrkiye genelinde \u00f6nemli bir ba\u015far\u0131ya imza att\u0131. \u00dcniversiteler s\u0131ralamas\u0131nda AD\u00dc, 145 \u00fcniversite aras\u0131nda ilk \u00fc\u00e7e girerek ad\u0131n\u0131 k\u00fcrs\u00fcye yazd\u0131rd\u0131. Sezonun ilk \u00fc\u00e7 ayl\u0131k performans\u0131na g\u00f6re yap\u0131lan de\u011ferlendirmede, \u00f6\u011frenciler 12 alt\u0131n, 7 g\u00fcm\u00fc\u015f ve 6 bronz olmak \u00fczere toplam&#8230;<\/p>\n","protected":false},"author":1,"featured_media":94024,"comment_status":"open","ping_status":"open","sticky":false,"template":"","format":"standard","meta":{"_crdt_document":"","footnotes":""},"categories":[4],"tags":[],"class_list":["post-94023","post","type-post","status-publish","format-standard","has-post-thumbnail","hentry","category-spor"],"_links":{"self":[{"href":"https:\/\/www.egemtv.com\/index.php?rest_route=\/wp\/v2\/posts\/94023","targetHints":{"allow":["GET"]}}],"collection":[{"href":"https:\/\/www.egemtv.com\/index.php?rest_route=\/wp\/v2\/posts"}],"about":[{"href":"https:\/\/www.egemtv.com\/index.php?rest_route=\/wp\/v2\/types\/post"}],"author":[{"embeddable":true,"href":"https:\/\/www.egemtv.com\/index.php?rest_route=\/wp\/v2\/users\/1"}],"replies":[{"embeddable":true,"href":"https:\/\/www.egemtv.com\/index.php?rest_route=%2Fwp%2Fv2%2Fcomments&post=94023"}],"version-history":[{"count":1,"href":"https:\/\/www.egemtv.com\/index.php?rest_route=\/wp\/v2\/posts\/94023\/revisions"}],"predecessor-version":[{"id":94025,"href":"https:\/\/www.egemtv.com\/index.php?rest_route=\/wp\/v2\/posts\/94023\/revisions\/94025"}],"wp:featuredmedia":[{"embeddable":true,"href":"https:\/\/www.egemtv.com\/index.php?rest_route=\/wp\/v2\/media\/94024"}],"wp:attachment":[{"href":"https:\/\/www.egemtv.com\/index.php?rest_route=%2Fwp%2Fv2%2Fmedia&parent=94023"}],"wp:term":[{"taxonomy":"category","embeddable":true,"href":"https:\/\/www.egemtv.com\/index.php?rest_route=%2Fwp%2Fv2%2Fcategories&post=94023"},{"taxonomy":"post_tag","embeddable":true,"href":"https:\/\/www.egemtv.com\/index.php?rest_route=%2Fwp%2Fv2%2Ftags&post=94023"}],"curies":[{"name":"wp","href":"https:\/\/api.w.org\/{rel}","templated":true}]}}