{"id":94020,"date":"2026-03-14T01:14:35","date_gmt":"2026-03-13T22:14:35","guid":{"rendered":"https:\/\/www.egemtv.com\/?p=94020"},"modified":"2026-03-14T01:14:36","modified_gmt":"2026-03-13T22:14:36","slug":"ispartada-halk-oyunlari-miniklerin-sampiyonu-sevim-ornek-ilkokulu","status":"publish","type":"post","link":"https:\/\/www.egemtv.com\/?p=94020","title":{"rendered":"Isparta\u2019da halk oyunlar\u0131 miniklerin \u015fampiyonu Sevim \u00d6rnek \u0130lkokulu"},"content":{"rendered":"<p>Isparta\u2019da 2025-2026 Okul Sporlar\u0131 Halk Oyunlar\u0131 il birincili\u011fi m\u00fcsabakalar\u0131 sonucunda minikler kategorisinde Sevim \u00d6rnek \u0130lkokulu \u015fampiyon oldu.<br \/>\n<br \/>Halk Oyunlar\u0131 Federasyonu taraf\u0131ndan Isparta\u2019da 2025-2026 Okul Sporlar\u0131 Halk Oyunlar\u0131 il birincili\u011fi yar\u0131\u015fmas\u0131 d\u00fczenlendi. I\u015f\u0131kkent Kapal\u0131 Spor Salonu\u2019nda d\u00fczenlenen yar\u0131\u015fmada minikler ve y\u0131ld\u0131zlar kategorileri yer ald\u0131.<br \/>\n<br \/>Minikler d\u00fczenlemesiz dalda Sevim \u00d6rnek \u0130lkokulu, antren\u00f6rleri Mehmet Bal\u0131k\u00e7\u0131 e\u011fitmenli\u011finde g\u00f6sterdi\u011fi performansla il birincisi olurken, \u015eehit Ferhat \u00c7ift\u00e7i \u0130lkokulu ikinci, Z\u00fcbeyde Han\u0131m \u0130lkokulu ise \u00fc\u00e7\u00fcnc\u00fc s\u0131rada ald\u0131. Sevim \u00d6rnek \u0130lkokulu\u2019na birincilik kupas\u0131 ve madalyalar\u0131 protokol taraf\u0131ndan takdim edildi.Yar\u0131\u015fma sonucunda Isparta Gen\u00e7lik ve Spor \u0130l M\u00fcd\u00fcr\u00fc Murat \u00c7a\u011fr\u0131 Kaya, Sevim \u00d6rnek \u0130lkokulu okul y\u00f6neticilerini, \u00f6\u011fretmen, \u00f6\u011frenci ve e\u011fitmenlerini kutlad\u0131.<br \/>\n<br \/>Y\u0131ld\u0131zlar d\u00fczenlemesiz dalda ise Nazmi Toker Ortaokulu birinci oldu.<br \/><\/p>\n","protected":false},"excerpt":{"rendered":"<p>Isparta\u2019da 2025-2026 Okul Sporlar\u0131 Halk Oyunlar\u0131 il birincili\u011fi m\u00fcsabakalar\u0131 sonucunda minikler kategorisinde Sevim \u00d6rnek \u0130lkokulu \u015fampiyon oldu. Halk Oyunlar\u0131 Federasyonu taraf\u0131ndan Isparta\u2019da 2025-2026 Okul Sporlar\u0131 Halk Oyunlar\u0131 il birincili\u011fi yar\u0131\u015fmas\u0131 d\u00fczenlendi. I\u015f\u0131kkent Kapal\u0131 Spor Salonu\u2019nda d\u00fczenlenen yar\u0131\u015fmada minikler ve y\u0131ld\u0131zlar kategorileri yer ald\u0131. Minikler d\u00fczenlemesiz dalda Sevim \u00d6rnek \u0130lkokulu, antren\u00f6rleri Mehmet Bal\u0131k\u00e7\u0131 e\u011fitmenli\u011finde g\u00f6sterdi\u011fi performansla&#8230;<\/p>\n","protected":false},"author":1,"featured_media":94021,"comment_status":"open","ping_status":"open","sticky":false,"template":"","format":"standard","meta":{"_crdt_document":"","footnotes":""},"categories":[4],"tags":[],"class_list":["post-94020","post","type-post","status-publish","format-standard","has-post-thumbnail","hentry","category-spor"],"_links":{"self":[{"href":"https:\/\/www.egemtv.com\/index.php?rest_route=\/wp\/v2\/posts\/94020","targetHints":{"allow":["GET"]}}],"collection":[{"href":"https:\/\/www.egemtv.com\/index.php?rest_route=\/wp\/v2\/posts"}],"about":[{"href":"https:\/\/www.egemtv.com\/index.php?rest_route=\/wp\/v2\/types\/post"}],"author":[{"embeddable":true,"href":"https:\/\/www.egemtv.com\/index.php?rest_route=\/wp\/v2\/users\/1"}],"replies":[{"embeddable":true,"href":"https:\/\/www.egemtv.com\/index.php?rest_route=%2Fwp%2Fv2%2Fcomments&post=94020"}],"version-history":[{"count":1,"href":"https:\/\/www.egemtv.com\/index.php?rest_route=\/wp\/v2\/posts\/94020\/revisions"}],"predecessor-version":[{"id":94022,"href":"https:\/\/www.egemtv.com\/index.php?rest_route=\/wp\/v2\/posts\/94020\/revisions\/94022"}],"wp:featuredmedia":[{"embeddable":true,"href":"https:\/\/www.egemtv.com\/index.php?rest_route=\/wp\/v2\/media\/94021"}],"wp:attachment":[{"href":"https:\/\/www.egemtv.com\/index.php?rest_route=%2Fwp%2Fv2%2Fmedia&parent=94020"}],"wp:term":[{"taxonomy":"category","embeddable":true,"href":"https:\/\/www.egemtv.com\/index.php?rest_route=%2Fwp%2Fv2%2Fcategories&post=94020"},{"taxonomy":"post_tag","embeddable":true,"href":"https:\/\/www.egemtv.com\/index.php?rest_route=%2Fwp%2Fv2%2Ftags&post=94020"}],"curies":[{"name":"wp","href":"https:\/\/api.w.org\/{rel}","templated":true}]}}