{"id":94017,"date":"2026-03-14T01:14:34","date_gmt":"2026-03-13T22:14:34","guid":{"rendered":"https:\/\/www.egemtv.com\/?p=94017"},"modified":"2026-03-14T01:14:35","modified_gmt":"2026-03-13T22:14:35","slug":"takla-atan-araclardan-burunlari-dahi-kanamadan-ciktilar","status":"publish","type":"post","link":"https:\/\/www.egemtv.com\/?p=94017","title":{"rendered":"Takla atan ara\u00e7lardan burunlar\u0131 dahi kanamadan \u00e7\u0131kt\u0131lar"},"content":{"rendered":"<p>Manisa\u2019n\u0131n Yunusemre il\u00e7esinde 3 arac\u0131n kar\u0131\u015ft\u0131\u011f\u0131 zincirleme trafik kazas\u0131nda takla atan 2 otomobilin s\u00fcr\u00fcc\u00fcs\u00fc, hurdaya d\u00f6nen ara\u00e7lardan burunlar\u0131 bile kanamadan kurtuldu.<br \/>\n<br \/>Kaza, Yunusemre il\u00e7esi Mimar Sinan Bulvar\u0131 \u00fczerinde meydana geldi. Edinilen bilgiye g\u00f6re, \u0130zmir istikametinden eski garaj y\u00f6n\u00fcne seyir halinde olan Yusuf K. idaresindeki 32 FL 159 plakal\u0131 otomobil ile ayn\u0131 istikamette seyreden Alper G. y\u00f6netimindeki 35 BED 677 plakal\u0131 ara\u00e7 \u00e7arp\u0131\u015ft\u0131. \u00c7arp\u0131\u015fman\u0131n \u015fiddetiyle s\u00fcr\u00fcc\u00fclerinin direksiyon hakimiyetini kaybetti\u011fi ara\u00e7lar, ref\u00fcje \u00e7\u0131karak takla att\u0131. Bu s\u0131rada kar\u015f\u0131 istikametten gelen Ayd\u0131n Y. idaresindeki 45 AUK 298 plakal\u0131 otomobil ise kaza sonras\u0131 yola devrilen ref\u00fcj korkuluklar\u0131na \u00e7arparak durabildi. \u00c7evredeki vatanda\u015flar\u0131n ihbar\u0131 \u00fczerine olay yerine \u00e7ok say\u0131da polis ve sa\u011fl\u0131k ekibi sevk edildi. Takla atan ve adeta hurdaya d\u00f6nen ara\u00e7lar\u0131n s\u00fcr\u00fcc\u00fcleri, \u015fans eseri kazay\u0131 hi\u00e7bir yara almadan atlatt\u0131. Kaza nedeniyle yol \u00fczerinde trafik ak\u0131\u015f\u0131 bir s\u00fcre tek \u015feritten kontroll\u00fc olarak sa\u011fland\u0131.<br \/>\n<br \/>Kazayla ilgili soru\u015fturma ba\u015flat\u0131ld\u0131.<br \/><\/p>\n","protected":false},"excerpt":{"rendered":"<p>Manisa\u2019n\u0131n Yunusemre il\u00e7esinde 3 arac\u0131n kar\u0131\u015ft\u0131\u011f\u0131 zincirleme trafik kazas\u0131nda takla atan 2 otomobilin s\u00fcr\u00fcc\u00fcs\u00fc, hurdaya d\u00f6nen ara\u00e7lardan burunlar\u0131 bile kanamadan kurtuldu. Kaza, Yunusemre il\u00e7esi Mimar Sinan Bulvar\u0131 \u00fczerinde meydana geldi. Edinilen bilgiye g\u00f6re, \u0130zmir istikametinden eski garaj y\u00f6n\u00fcne seyir halinde olan Yusuf K. idaresindeki 32 FL 159 plakal\u0131 otomobil ile ayn\u0131 istikamette seyreden Alper G&#8230;.<\/p>\n","protected":false},"author":1,"featured_media":94018,"comment_status":"open","ping_status":"open","sticky":false,"template":"","format":"standard","meta":{"_crdt_document":"","footnotes":""},"categories":[5],"tags":[],"class_list":["post-94017","post","type-post","status-publish","format-standard","has-post-thumbnail","hentry","category-asayis"],"_links":{"self":[{"href":"https:\/\/www.egemtv.com\/index.php?rest_route=\/wp\/v2\/posts\/94017","targetHints":{"allow":["GET"]}}],"collection":[{"href":"https:\/\/www.egemtv.com\/index.php?rest_route=\/wp\/v2\/posts"}],"about":[{"href":"https:\/\/www.egemtv.com\/index.php?rest_route=\/wp\/v2\/types\/post"}],"author":[{"embeddable":true,"href":"https:\/\/www.egemtv.com\/index.php?rest_route=\/wp\/v2\/users\/1"}],"replies":[{"embeddable":true,"href":"https:\/\/www.egemtv.com\/index.php?rest_route=%2Fwp%2Fv2%2Fcomments&post=94017"}],"version-history":[{"count":1,"href":"https:\/\/www.egemtv.com\/index.php?rest_route=\/wp\/v2\/posts\/94017\/revisions"}],"predecessor-version":[{"id":94019,"href":"https:\/\/www.egemtv.com\/index.php?rest_route=\/wp\/v2\/posts\/94017\/revisions\/94019"}],"wp:featuredmedia":[{"embeddable":true,"href":"https:\/\/www.egemtv.com\/index.php?rest_route=\/wp\/v2\/media\/94018"}],"wp:attachment":[{"href":"https:\/\/www.egemtv.com\/index.php?rest_route=%2Fwp%2Fv2%2Fmedia&parent=94017"}],"wp:term":[{"taxonomy":"category","embeddable":true,"href":"https:\/\/www.egemtv.com\/index.php?rest_route=%2Fwp%2Fv2%2Fcategories&post=94017"},{"taxonomy":"post_tag","embeddable":true,"href":"https:\/\/www.egemtv.com\/index.php?rest_route=%2Fwp%2Fv2%2Ftags&post=94017"}],"curies":[{"name":"wp","href":"https:\/\/api.w.org\/{rel}","templated":true}]}}