{"id":94014,"date":"2026-03-13T22:48:54","date_gmt":"2026-03-13T19:48:54","guid":{"rendered":"https:\/\/www.egemtv.com\/?p=94014"},"modified":"2026-03-13T22:48:56","modified_gmt":"2026-03-13T19:48:56","slug":"mugla-musiaddan-geleneksel-iftar-programi","status":"publish","type":"post","link":"https:\/\/www.egemtv.com\/?p=94014","title":{"rendered":"Mu\u011fla M\u00dcS\u0130AD\u2019dan \u2018Geleneksel \u0130ftar Program\u0131\u2019"},"content":{"rendered":"<p>M\u00fcstakil Sanayici ve \u0130\u015fadamlar\u0131 Derne\u011fi (M\u00dcS\u0130AD) Mu\u011fla \u015eubesi taraf\u0131ndan Ramazan ay\u0131 geleneksel iftar bulu\u015fmas\u0131 Mu\u011fla Sanayi ve Ticaret Odas\u0131 salonunda ger\u00e7ekle\u015fti. Mu\u011fla Valisi Dr. \u0130dris Akb\u0131y\u0131k ve M\u00dcS\u0130AD \u00fcyelerinin kat\u0131ld\u0131\u011f\u0131 iftar program\u0131 Kur\u2019an-\u0131 Kerim tilaveti ile ba\u015flad\u0131.<br \/>\n<br \/>\u0130ftar program\u0131nda konu\u015fan M\u00dcS\u0130AD Mu\u011fla \u015eube Ba\u015fkan\u0131 Nevzat Ayka\u00e7, m\u00fcbarek Ramazan ay\u0131n\u0131n bereketi ve huzurunu payla\u015fmak i\u00e7in d\u00fczenledikleri iftar program\u0131nda birlikte olmaktan b\u00fcy\u00fck mutluluk duyduklar\u0131n\u0131 s\u00f6yledi. Ayka\u00e7, &#8220;Ramazan; sadece oru\u00e7 tuttu\u011fumuz bir ay de\u011fil, ayn\u0131 zamanda kalplerimizin birbirine daha \u00e7ok yakla\u015ft\u0131\u011f\u0131, payla\u015fman\u0131n \u00e7o\u011fald\u0131\u011f\u0131, m\u00fcstesna bir zaman dilimidir. Bu ay, bize dayan\u0131\u015fman\u0131n, karde\u015fli\u011fin ve merhametin en g\u00fczel \u00f6rneklerini hat\u0131rlat\u0131r. Bug\u00fcn burada, k\u0131ymetli misafirlerimizle birlikte ayn\u0131 sofray\u0131 payla\u015fman\u0131n mutlulu\u011funu ya\u015farken, bu ak\u015fam\u0131n en k\u0131ymetli misafirleri ise Sevgi Evlerimizden gelen sevgili \u00e7ocuklar\u0131m\u0131zd\u0131r. Sizler bizim gelece\u011fimizsiniz, \u015funu bilmenizi isteriz ki; sizler bu \u00fclkenin sahipsiz de\u011fil, bilakis sevgiyle ku\u015fat\u0131lm\u0131\u015f evlatlar\u0131s\u0131n\u0131z. Sizlerin iyi \u015fartlarda b\u00fcy\u00fcmesi, g\u00fc\u00e7l\u00fc ve mutlu bireyler olarak hayata haz\u0131rlanmas\u0131 hepimizin ortak sorumlulu\u011fudur. Sizlerin g\u00fcl\u00fcmsemesi, bizim i\u00e7in en b\u00fcy\u00fck mutluluktur. Bizler, i\u015f d\u00fcnyas\u0131n\u0131n temsilcileri olarak sadece \u00fcretmeyi, \u00e7al\u0131\u015fmay\u0131 ve b\u00fcy\u00fcmeyi de\u011fil; ayn\u0131 zamanda payla\u015fmay\u0131, toplumsal sorumlulu\u011fu ve dayan\u0131\u015fmay\u0131 da g\u00f6rev biliyoruz. M\u00dcS\u0130AD ailesi olarak inanc\u0131m\u0131z \u015fudur ki; g\u00fc\u00e7l\u00fc ekonomi g\u00fc\u00e7l\u00fc toplumla, g\u00fc\u00e7l\u00fc toplum ise birbirine sahip \u00e7\u0131kan insanlarla m\u00fcmk\u00fcnd\u00fcr. Bu y\u00fczden bug\u00fcn burada kurdu\u011fumuz iftar sofras\u0131, yaln\u0131zca bir yemek sofras\u0131 de\u011fildir. Bu sofra; g\u00f6n\u00fcllerin birle\u015fti\u011fi, karde\u015fli\u011fin b\u00fcy\u00fcd\u00fc\u011f\u00fc, sevginin payla\u015f\u0131ld\u0131\u011f\u0131 bir birlik sofras\u0131d\u0131r. Bu g\u00fczel ak\u015famda te\u015frifleriyle g\u00fc\u00e7 ve destek veren Say\u0131n Valimize, k\u0131ymetli Milletvekilimize, de\u011ferli \u00fcyelerimize ve Sevgi Evlerimizin k\u0131ymetli \u00e7ocuklar\u0131na te\u015fekk\u00fcr ediyorum. Kat\u0131l\u0131mlar\u0131n\u0131zla bu program\u0131 anlaml\u0131 k\u0131ld\u0131n\u0131z. Rabbim birlik ve beraberli\u011fimizi daim eylesin. Ramazan ay\u0131n\u0131n \u00fclkemize, milletimize ve t\u00fcm insanl\u0131\u011fa hay\u0131rlar getirmesini temenni ediyorum&#8221; dedi.<br \/>\n<br \/>Mu\u011fla Valisi Dr. \u0130dris Akb\u0131y\u0131k \u00fclkemizin son y\u0131llarda ger\u00e7ekle\u015ftirdi\u011fi ekonomik ve sanayi hamlelerinde T\u00fcrk i\u015f adamlar\u0131n\u0131n al\u0131n teri bulundu\u011funu belirtti. Vali Akb\u0131y\u0131k, M\u00dcS\u0130AD\u2019\u0131n, \u00fclkemizin ekonomik ba\u011f\u0131ms\u0131zl\u0131\u011f\u0131 i\u00e7in T\u00fcrk ekonomisinin lokomotifi durumunda oldu\u011funu belirterek, &#8220;Yerli ve milli sanayimiz ile T\u00fcrkiye y\u00fczy\u0131l\u0131 hedefine ula\u015fmas\u0131nda siz de\u011ferli i\u015fadamlar\u0131m\u0131z\u0131n katk\u0131s\u0131 \u00e7ok b\u00fcy\u00fckt\u00fcr. Rahmet ve ma\u011ffiret ay\u0131 Ramazan ay\u0131 ve bin aydan daha hay\u0131rl\u0131 olan Kadir Gecesini i\u00e7inde bar\u0131nd\u0131ran bu m\u00fcbarek ay\u0131n hepimize hay\u0131rlar getirmesini dilerim&#8221; dedi.<br \/><\/p>\n","protected":false},"excerpt":{"rendered":"<p>M\u00fcstakil Sanayici ve \u0130\u015fadamlar\u0131 Derne\u011fi (M\u00dcS\u0130AD) Mu\u011fla \u015eubesi taraf\u0131ndan Ramazan ay\u0131 geleneksel iftar bulu\u015fmas\u0131 Mu\u011fla Sanayi ve Ticaret Odas\u0131 salonunda ger\u00e7ekle\u015fti. Mu\u011fla Valisi Dr. \u0130dris Akb\u0131y\u0131k ve M\u00dcS\u0130AD \u00fcyelerinin kat\u0131ld\u0131\u011f\u0131 iftar program\u0131 Kur\u2019an-\u0131 Kerim tilaveti ile ba\u015flad\u0131. \u0130ftar program\u0131nda konu\u015fan M\u00dcS\u0130AD Mu\u011fla \u015eube Ba\u015fkan\u0131 Nevzat Ayka\u00e7, m\u00fcbarek Ramazan ay\u0131n\u0131n bereketi ve huzurunu payla\u015fmak i\u00e7in d\u00fczenledikleri&#8230;<\/p>\n","protected":false},"author":1,"featured_media":94015,"comment_status":"open","ping_status":"open","sticky":false,"template":"","format":"standard","meta":{"_crdt_document":"","footnotes":""},"categories":[1],"tags":[],"class_list":["post-94014","post","type-post","status-publish","format-standard","has-post-thumbnail","hentry","category-guncel"],"_links":{"self":[{"href":"https:\/\/www.egemtv.com\/index.php?rest_route=\/wp\/v2\/posts\/94014","targetHints":{"allow":["GET"]}}],"collection":[{"href":"https:\/\/www.egemtv.com\/index.php?rest_route=\/wp\/v2\/posts"}],"about":[{"href":"https:\/\/www.egemtv.com\/index.php?rest_route=\/wp\/v2\/types\/post"}],"author":[{"embeddable":true,"href":"https:\/\/www.egemtv.com\/index.php?rest_route=\/wp\/v2\/users\/1"}],"replies":[{"embeddable":true,"href":"https:\/\/www.egemtv.com\/index.php?rest_route=%2Fwp%2Fv2%2Fcomments&post=94014"}],"version-history":[{"count":1,"href":"https:\/\/www.egemtv.com\/index.php?rest_route=\/wp\/v2\/posts\/94014\/revisions"}],"predecessor-version":[{"id":94016,"href":"https:\/\/www.egemtv.com\/index.php?rest_route=\/wp\/v2\/posts\/94014\/revisions\/94016"}],"wp:featuredmedia":[{"embeddable":true,"href":"https:\/\/www.egemtv.com\/index.php?rest_route=\/wp\/v2\/media\/94015"}],"wp:attachment":[{"href":"https:\/\/www.egemtv.com\/index.php?rest_route=%2Fwp%2Fv2%2Fmedia&parent=94014"}],"wp:term":[{"taxonomy":"category","embeddable":true,"href":"https:\/\/www.egemtv.com\/index.php?rest_route=%2Fwp%2Fv2%2Fcategories&post=94014"},{"taxonomy":"post_tag","embeddable":true,"href":"https:\/\/www.egemtv.com\/index.php?rest_route=%2Fwp%2Fv2%2Ftags&post=94014"}],"curies":[{"name":"wp","href":"https:\/\/api.w.org\/{rel}","templated":true}]}}