{"id":94011,"date":"2026-03-13T21:55:33","date_gmt":"2026-03-13T18:55:33","guid":{"rendered":"https:\/\/www.egemtv.com\/?p=94011"},"modified":"2026-03-13T21:55:34","modified_gmt":"2026-03-13T18:55:34","slug":"otobusun-carptigi-genc-kadinin-oldugu-kaza-guvenlik-kamerasinda","status":"publish","type":"post","link":"https:\/\/www.egemtv.com\/?p=94011","title":{"rendered":"Otob\u00fcs\u00fcn \u00e7arpt\u0131\u011f\u0131 gen\u00e7 kad\u0131n\u0131n \u00f6ld\u00fc\u011f\u00fc kaza g\u00fcvenlik kameras\u0131nda"},"content":{"rendered":"<p>Afyonkarahisar\u2019da otob\u00fcs\u00fcn \u00e7arpt\u0131\u011f\u0131 kad\u0131n\u0131n hayat\u0131n\u0131 kaybetti\u011fi kazan\u0131n ara\u00e7 kameras\u0131 g\u00f6r\u00fcnt\u00fcleri ortaya \u00e7\u0131kt\u0131.<br \/>\n<br \/>Kent merkezinde 1 Aral\u0131k 2025\u2019te, E.Y\u2019nin kulland\u0131\u011f\u0131 03 AAL 127 plakal\u0131 \u015fehir i\u00e7i yolcu ta\u015f\u0131mac\u0131l\u0131\u011f\u0131 yapan halk otob\u00fcs\u00fc yaya yolundan ge\u00e7meye \u00e7al\u0131\u015fan El\u00e7in Aksu (44) isimli kad\u0131na \u00e7arpt\u0131. \u00c7arpman\u0131n etkisiyle yerde s\u00fcr\u00fcklenen kad\u0131n ard\u0131ndan kafas\u0131n\u0131 kald\u0131r\u0131m ta\u015f\u0131na vurdu. Kazan\u0131n ard\u0131ndan ambulansla hastaneye kald\u0131r\u0131lan Aksu, Afyonkarahisar Sa\u011fl\u0131k Bilimleri \u00dcniversitesi Hastanesi\u2019nde yo\u011fun bak\u0131m \u00fcnitesinde iki g\u00fcn sonra vefat etti. Olay\u0131n ard\u0131ndan otob\u00fcs \u015fof\u00f6r\u00fc E.Y., hakk\u0131nda a\u00e7\u0131lan davada bir ay tutuklu kald\u0131ktan sonra g\u00f6r\u00fclen duru\u015fmada ev hapsine al\u0131nd\u0131\u011f\u0131 ve davan\u0131n devam etti\u011fi bildirildi.<br \/>\n<br \/>\u00d6te yandan, kazan\u0131n ara\u00e7 kameras\u0131 g\u00f6r\u00fcnt\u00fcleri ortaya \u00e7\u0131kt\u0131.<br \/><\/p>\n","protected":false},"excerpt":{"rendered":"<p>Afyonkarahisar\u2019da otob\u00fcs\u00fcn \u00e7arpt\u0131\u011f\u0131 kad\u0131n\u0131n hayat\u0131n\u0131 kaybetti\u011fi kazan\u0131n ara\u00e7 kameras\u0131 g\u00f6r\u00fcnt\u00fcleri ortaya \u00e7\u0131kt\u0131. Kent merkezinde 1 Aral\u0131k 2025\u2019te, E.Y\u2019nin kulland\u0131\u011f\u0131 03 AAL 127 plakal\u0131 \u015fehir i\u00e7i yolcu ta\u015f\u0131mac\u0131l\u0131\u011f\u0131 yapan halk otob\u00fcs\u00fc yaya yolundan ge\u00e7meye \u00e7al\u0131\u015fan El\u00e7in Aksu (44) isimli kad\u0131na \u00e7arpt\u0131. \u00c7arpman\u0131n etkisiyle yerde s\u00fcr\u00fcklenen kad\u0131n ard\u0131ndan kafas\u0131n\u0131 kald\u0131r\u0131m ta\u015f\u0131na vurdu. Kazan\u0131n ard\u0131ndan ambulansla hastaneye kald\u0131r\u0131lan&#8230;<\/p>\n","protected":false},"author":1,"featured_media":94012,"comment_status":"open","ping_status":"open","sticky":false,"template":"","format":"standard","meta":{"_crdt_document":"","footnotes":""},"categories":[5],"tags":[],"class_list":["post-94011","post","type-post","status-publish","format-standard","has-post-thumbnail","hentry","category-asayis"],"_links":{"self":[{"href":"https:\/\/www.egemtv.com\/index.php?rest_route=\/wp\/v2\/posts\/94011","targetHints":{"allow":["GET"]}}],"collection":[{"href":"https:\/\/www.egemtv.com\/index.php?rest_route=\/wp\/v2\/posts"}],"about":[{"href":"https:\/\/www.egemtv.com\/index.php?rest_route=\/wp\/v2\/types\/post"}],"author":[{"embeddable":true,"href":"https:\/\/www.egemtv.com\/index.php?rest_route=\/wp\/v2\/users\/1"}],"replies":[{"embeddable":true,"href":"https:\/\/www.egemtv.com\/index.php?rest_route=%2Fwp%2Fv2%2Fcomments&post=94011"}],"version-history":[{"count":1,"href":"https:\/\/www.egemtv.com\/index.php?rest_route=\/wp\/v2\/posts\/94011\/revisions"}],"predecessor-version":[{"id":94013,"href":"https:\/\/www.egemtv.com\/index.php?rest_route=\/wp\/v2\/posts\/94011\/revisions\/94013"}],"wp:featuredmedia":[{"embeddable":true,"href":"https:\/\/www.egemtv.com\/index.php?rest_route=\/wp\/v2\/media\/94012"}],"wp:attachment":[{"href":"https:\/\/www.egemtv.com\/index.php?rest_route=%2Fwp%2Fv2%2Fmedia&parent=94011"}],"wp:term":[{"taxonomy":"category","embeddable":true,"href":"https:\/\/www.egemtv.com\/index.php?rest_route=%2Fwp%2Fv2%2Fcategories&post=94011"},{"taxonomy":"post_tag","embeddable":true,"href":"https:\/\/www.egemtv.com\/index.php?rest_route=%2Fwp%2Fv2%2Ftags&post=94011"}],"curies":[{"name":"wp","href":"https:\/\/api.w.org\/{rel}","templated":true}]}}