{"id":94008,"date":"2026-03-13T21:55:32","date_gmt":"2026-03-13T18:55:32","guid":{"rendered":"https:\/\/www.egemtv.com\/?p=94008"},"modified":"2026-03-13T21:55:33","modified_gmt":"2026-03-13T18:55:33","slug":"cocuklarin-ramazan-gosterileri-iftar-sofrasina-renk-katti","status":"publish","type":"post","link":"https:\/\/www.egemtv.com\/?p=94008","title":{"rendered":"\u00c7ocuklar\u0131n Ramazan g\u00f6sterileri iftar sofras\u0131na renk katt\u0131"},"content":{"rendered":"<p>Manisa\u2019n\u0131n Sar\u0131g\u00f6l il\u00e7esine ba\u011fl\u0131 \u00c7imentepe Mahallesi\u2019nde \u00c7imentepe Celal Madan \u0130lkokulu taraf\u0131ndan d\u00fczenlenen iftar program\u0131nda \u00f6\u011frencilerin sergiledi\u011fi Ramazan g\u00f6sterileri b\u00fcy\u00fck ilgi g\u00f6rd\u00fc.<br \/>\n<br \/>Ramazan davulcusu ve geleneksel k\u0131yafetlerle mani okuyan \u00f6\u011frenciler, iftar \u00f6ncesinde sergiledikleri g\u00f6sterilerle hem Ramazan k\u00fclt\u00fcr\u00fcn\u00fc ya\u015fatt\u0131 hem de davetlilerden b\u00fcy\u00fck alk\u0131\u015f ald\u0131.<br \/>\n<br \/>Sar\u0131g\u00f6l \u00c7imentepe Celal Madan \u0130lkokulu \u00f6\u011fretmenleri ve velilerinin katk\u0131lar\u0131yla mahalle d\u00fc\u011f\u00fcn salonunda d\u00fczenlenen iftar program\u0131 yo\u011fun kat\u0131l\u0131mla ger\u00e7ekle\u015ftirildi. \u0130ftar \u00f6ncesinde sahne alan \u00f6\u011frencilerden biri Ramazan davulcusu k\u0131yafetiyle davul \u00e7alarken, milli k\u0131yafet giyen bir k\u0131z \u00f6\u011frenci ise Ramazan manileri okuyarak programa renk katt\u0131. \u00d6\u011frencilerin sergiledi\u011fi geleneksel g\u00f6steriler davetliler taraf\u0131ndan b\u00fcy\u00fck be\u011feniyle kar\u015f\u0131land\u0131.<br \/>\n<br \/>Program\u0131n ard\u0131ndan kat\u0131l\u0131mc\u0131lar hep birlikte iftar yapt\u0131.<br \/>\n<br \/>\u0130ftar program\u0131na kat\u0131lan Sar\u0131g\u00f6l Kaymakam\u0131 Halil Dalak, organizasyonda eme\u011fi ge\u00e7enlere te\u015fekk\u00fcr ederek, &#8220;\u0130ftar yeme\u011fini d\u00fczenleyen okul velilerimize ve \u00f6\u011fretmenlerimize te\u015fekk\u00fcr ediyorum. \u00d6zellikle Ramazan gelene\u011fini bizlere ya\u015fatan \u00f6\u011frencilerimizi kutluyorum.&#8221; dedi.<br \/>\n<br \/>\u00c7imentepe Celal Madan \u0130lkokulu taraf\u0131ndan d\u00fczenlenen iftar program\u0131na Sar\u0131g\u00f6l Kaymakam\u0131 Halil Dalak, Sar\u0131g\u00f6l Belediye Ba\u015fkan\u0131 Tahsin Akdeniz, Sar\u0131g\u00f6l \u0130l\u00e7e Milli E\u011fitim M\u00fcd\u00fcr\u00fc Cezmi Y\u0131ld\u0131rak, \u00c7imentepe Mahalle Muhtar\u0131 Kubilay Tanr\u0131\u00f6ver, \u00f6\u011fretmenler, veliler ve \u00f6\u011frenciler kat\u0131ld\u0131.<br \/><\/p>\n","protected":false},"excerpt":{"rendered":"<p>Manisa\u2019n\u0131n Sar\u0131g\u00f6l il\u00e7esine ba\u011fl\u0131 \u00c7imentepe Mahallesi\u2019nde \u00c7imentepe Celal Madan \u0130lkokulu taraf\u0131ndan d\u00fczenlenen iftar program\u0131nda \u00f6\u011frencilerin sergiledi\u011fi Ramazan g\u00f6sterileri b\u00fcy\u00fck ilgi g\u00f6rd\u00fc. Ramazan davulcusu ve geleneksel k\u0131yafetlerle mani okuyan \u00f6\u011frenciler, iftar \u00f6ncesinde sergiledikleri g\u00f6sterilerle hem Ramazan k\u00fclt\u00fcr\u00fcn\u00fc ya\u015fatt\u0131 hem de davetlilerden b\u00fcy\u00fck alk\u0131\u015f ald\u0131. Sar\u0131g\u00f6l \u00c7imentepe Celal Madan \u0130lkokulu \u00f6\u011fretmenleri ve velilerinin katk\u0131lar\u0131yla mahalle d\u00fc\u011f\u00fcn salonunda&#8230;<\/p>\n","protected":false},"author":1,"featured_media":94009,"comment_status":"open","ping_status":"open","sticky":false,"template":"","format":"standard","meta":{"_crdt_document":"","footnotes":""},"categories":[1],"tags":[],"class_list":["post-94008","post","type-post","status-publish","format-standard","has-post-thumbnail","hentry","category-guncel"],"_links":{"self":[{"href":"https:\/\/www.egemtv.com\/index.php?rest_route=\/wp\/v2\/posts\/94008","targetHints":{"allow":["GET"]}}],"collection":[{"href":"https:\/\/www.egemtv.com\/index.php?rest_route=\/wp\/v2\/posts"}],"about":[{"href":"https:\/\/www.egemtv.com\/index.php?rest_route=\/wp\/v2\/types\/post"}],"author":[{"embeddable":true,"href":"https:\/\/www.egemtv.com\/index.php?rest_route=\/wp\/v2\/users\/1"}],"replies":[{"embeddable":true,"href":"https:\/\/www.egemtv.com\/index.php?rest_route=%2Fwp%2Fv2%2Fcomments&post=94008"}],"version-history":[{"count":1,"href":"https:\/\/www.egemtv.com\/index.php?rest_route=\/wp\/v2\/posts\/94008\/revisions"}],"predecessor-version":[{"id":94010,"href":"https:\/\/www.egemtv.com\/index.php?rest_route=\/wp\/v2\/posts\/94008\/revisions\/94010"}],"wp:featuredmedia":[{"embeddable":true,"href":"https:\/\/www.egemtv.com\/index.php?rest_route=\/wp\/v2\/media\/94009"}],"wp:attachment":[{"href":"https:\/\/www.egemtv.com\/index.php?rest_route=%2Fwp%2Fv2%2Fmedia&parent=94008"}],"wp:term":[{"taxonomy":"category","embeddable":true,"href":"https:\/\/www.egemtv.com\/index.php?rest_route=%2Fwp%2Fv2%2Fcategories&post=94008"},{"taxonomy":"post_tag","embeddable":true,"href":"https:\/\/www.egemtv.com\/index.php?rest_route=%2Fwp%2Fv2%2Ftags&post=94008"}],"curies":[{"name":"wp","href":"https:\/\/api.w.org\/{rel}","templated":true}]}}