{"id":94005,"date":"2026-03-13T20:54:37","date_gmt":"2026-03-13T17:54:37","guid":{"rendered":"https:\/\/www.egemtv.com\/?p=94005"},"modified":"2026-03-13T20:54:37","modified_gmt":"2026-03-13T17:54:37","slug":"bakan-bayraktar-gabarda-terorsuz-turkiyenin-kucuk-bir-kesitini-gosterdik","status":"publish","type":"post","link":"https:\/\/www.egemtv.com\/?p=94005","title":{"rendered":"Bakan Bayraktar: &#8220;Gabar\u2019da Ter\u00f6rs\u00fcz T\u00fcrkiye\u2019nin k\u00fc\u00e7\u00fck bir kesitini g\u00f6sterdik&#8221;"},"content":{"rendered":"<p>Enerji ve Tabii Kaynaklar Bakan\u0131 Alparslan Bayraktar, &#8220;\u00d6zellikle Gabar\u2019da buldu\u011fumuz petrol, bizim Ter\u00f6rs\u00fcz T\u00fcrkiye s\u00fcreci i\u00e7in \u00f6nemli. Da\u011flar\u0131n alt\u0131ndaki o petrol, ter\u00f6r sebebiyle \u00e7\u0131kar\u0131lamad\u0131. Ne zaman b\u00f6lge ter\u00f6rden kurtuldu. O zaman cumhuriyet tarihinin \u00f6nemli bir ad\u0131m\u0131n\u0131 att\u0131k. G\u00fcnl\u00fck 80 bin varil \u00e7\u0131kar\u0131yoruz. O b\u00f6lgenin \u00e7ocuklar\u0131 orada istihdam ediliyor. Art\u0131k o gen\u00e7lerin gelecekle ilgili planlar\u0131 var. Adeta Gabar\u2019da Ter\u00f6rs\u00fcz T\u00fcrkiye\u2019nin k\u00fc\u00e7\u00fck bir kesitini g\u00f6sterdik&#8221; dedi.<br \/>\n<br \/>Enerji ve Tabii Kaynaklar Bakan\u0131 Alparslan Bayraktar, bir dizi ziyaret ve iftar program\u0131na kat\u0131lmak i\u00e7in Ayd\u0131n\u2019a geldi. Ayd\u0131n Valili\u011fi\u2019nin ard\u0131ndan AK Parti Ayd\u0131n \u0130l Ba\u015fkanl\u0131\u011f\u0131 ve Ayd\u0131n B\u00fcy\u00fck\u015fehir Belediyesi\u2019ni ziyaret eden Bakan Bayraktar, Ayd\u0131n B\u00fcy\u00fck\u015fehir Belediyesi taraf\u0131ndan organize edilen iftar program\u0131na kat\u0131ld\u0131. Atat\u00fcrk Kent Meydan\u0131\u2019nda vatanda\u015flarla iftar\u0131n\u0131 a\u00e7an Bakan Bayraktar, daha sonra Milliyet\u00e7i Hareket Hareket Partisi (MHP) taraf\u0131ndan d\u00fczenlenen geleneksel iftar program\u0131na kat\u0131ld\u0131.<br \/>\n<br \/>MHP \u0130l Ba\u015fkan\u0131 Osman Gazi Cihangiro\u011flu, yapt\u0131\u011f\u0131 konu\u015fmada iftar program\u0131n\u0131n hay\u0131rlara vesile olmas\u0131 temennisinde bulunarak iftara kat\u0131lan Enerji ve Tabii Kaynaklar Bakan\u0131 Alparslan Bayraktar\u2019a te\u015fekk\u00fcr etti. Vatanda\u015flar\u0131n oru\u00e7lar\u0131n\u0131n kabul olmas\u0131 temennisinde bulunan Bakan Bayraktar ise k\u0131sa bir konu\u015fma yaparak enerjinin \u00f6nemine dikkat \u00e7ekti.<\/p>\n<p>&#8220;\u0130htiyac\u0131m\u0131z olan birlik olmak&#8221;<br \/>\n<br \/>D\u00fcnyadaki t\u00fcm sorunlar\u0131 birlik i\u00e7inde olundu\u011fu s\u00fcrece kolay bir \u015fekilde atlat\u0131laca\u011f\u0131n\u0131 vurgulayan Bakan Bayraktar, &#8220;Efeler diyar\u0131 Ayd\u0131n\u2019da sizlerle bir arada olmaktan b\u00fcy\u00fck bir memnuniyet duyuyorum. Ramazan bizim i\u00e7in \u00e7ok \u00f6zel zaman. Birlik ve beraberli\u011fi hat\u0131rlatan bizler i\u00e7in \u00e7ok \u00f6nemli bir zaman. Bir arada oldu\u011fumuzda da \u00e7ok daha anlaml\u0131 hale geliyor. Bunun i\u00e7in Ayd\u0131n ziyaretimiz kapsam\u0131nda \u00f6zellikle sizlerle bir arada olmak istedik. D\u00fcnya \u00e7ok zorlu bir d\u00f6n\u00fcm noktas\u0131nda \u00f6zellikle b\u00f6lgemiz. Hemen kom\u015fumuzda devam eden sava\u015f, 7\/24 dikkatle takip etti\u011fimiz s\u00fcre\u00e7. Bu bize, bizim millet olarak karde\u015fli\u011fe ihtiyac\u0131m\u0131z oldu\u011funu hat\u0131rlat\u0131yor. G\u00fc\u00e7l\u00fc ittifak\u0131m\u0131z ile bu zor zamanlar\u0131 da devlet olarak \u00fcstesinden gelece\u011fiz. Son 5-6 y\u0131lda pandemi ile ba\u015flayan s\u00fcre\u00e7, d\u00fcnyadaki ekonomik s\u0131k\u0131nt\u0131lar, Ukrayna Sava\u015f\u0131, 6 \u015eubat depremleri derken buna ra\u011fmen biz \u00fclke olarak dimdik ayaktay\u0131z. Bu s\u00fcreci hep birlikte atlataca\u011f\u0131z. \u0130htiyac\u0131m\u0131z olan birlik olmak&#8221; dedi.<\/p>\n<p>&#8220;Gabar\u2019da Ter\u00f6rs\u00fcz T\u00fcrkiye\u2019nin k\u00fc\u00e7\u00fck bir kesitini g\u00f6sterdik&#8221;<br \/>\n<br \/>Enerjide ba\u011f\u0131ms\u0131z olman\u0131n \u00f6nemine dikkat \u00e7eken Bakan Bayraktar, &#8220;Bu d\u00f6nemler bize ayn\u0131 zamanda enerjide ba\u011f\u0131ms\u0131z olman\u0131n, kendi yeten \u00fclke olman\u0131n, \u00f6nemini g\u00f6steriyor. Onun i\u00e7in \u00e7al\u0131\u015f\u0131yoruz. Ne kadar kendimiz \u00fcretirsek, \u00fclkemiz o kadar daha g\u00fc\u00e7l\u00fc bir \u00fclke olacak. Hem ekonomik hem de b\u00f6yle zor zamanlarda kendini yeten \u00fclke anlam\u0131nda. \u00d6zellikle Gabar\u2019da buldu\u011fumuz petrol, bizim Ter\u00f6rs\u00fcz T\u00fcrkiye s\u00fcreci i\u00e7in \u00f6nemli. Da\u011flar\u0131n alt\u0131ndaki o petrol, ter\u00f6r sebebiyle \u00e7\u0131kar\u0131lamad\u0131. Ne zaman b\u00f6lge ter\u00f6rden kurtuldu. O zaman cumhuriyet tarihinin \u00f6nemli bir ad\u0131m\u0131n\u0131 att\u0131k. G\u00fcnl\u00fck 80 bin varil \u00e7\u0131kar\u0131yoruz. O b\u00f6lgenin \u00e7ocuklar\u0131 orada istihdam ediliyor. Art\u0131k o gen\u00e7lerin gelecekle ilgili planlar\u0131 var. Adeta Gabar\u2019da Ter\u00f6rs\u00fcz T\u00fcrkiye\u2019nin k\u00fc\u00e7\u00fck bir kesitini g\u00f6sterdik. Birlik i\u00e7inde olduk\u00e7a \u00fcstesinden gelemeyece\u011fimiz hi\u00e7bir g\u00fc\u00e7 yoktur&#8221; \u015feklinde konu\u015ftu.<br \/><\/p>\n","protected":false},"excerpt":{"rendered":"<p>Enerji ve Tabii Kaynaklar Bakan\u0131 Alparslan Bayraktar, &#8220;\u00d6zellikle Gabar\u2019da buldu\u011fumuz petrol, bizim Ter\u00f6rs\u00fcz T\u00fcrkiye s\u00fcreci i\u00e7in \u00f6nemli. Da\u011flar\u0131n alt\u0131ndaki o petrol, ter\u00f6r sebebiyle \u00e7\u0131kar\u0131lamad\u0131. Ne zaman b\u00f6lge ter\u00f6rden kurtuldu. O zaman cumhuriyet tarihinin \u00f6nemli bir ad\u0131m\u0131n\u0131 att\u0131k. G\u00fcnl\u00fck 80 bin varil \u00e7\u0131kar\u0131yoruz. O b\u00f6lgenin \u00e7ocuklar\u0131 orada istihdam ediliyor. Art\u0131k o gen\u00e7lerin gelecekle ilgili planlar\u0131 var&#8230;.<\/p>\n","protected":false},"author":1,"featured_media":94006,"comment_status":"open","ping_status":"open","sticky":false,"template":"","format":"standard","meta":{"_crdt_document":"","footnotes":""},"categories":[127],"tags":[],"class_list":["post-94005","post","type-post","status-publish","format-standard","has-post-thumbnail","hentry","category-siyaset"],"_links":{"self":[{"href":"https:\/\/www.egemtv.com\/index.php?rest_route=\/wp\/v2\/posts\/94005","targetHints":{"allow":["GET"]}}],"collection":[{"href":"https:\/\/www.egemtv.com\/index.php?rest_route=\/wp\/v2\/posts"}],"about":[{"href":"https:\/\/www.egemtv.com\/index.php?rest_route=\/wp\/v2\/types\/post"}],"author":[{"embeddable":true,"href":"https:\/\/www.egemtv.com\/index.php?rest_route=\/wp\/v2\/users\/1"}],"replies":[{"embeddable":true,"href":"https:\/\/www.egemtv.com\/index.php?rest_route=%2Fwp%2Fv2%2Fcomments&post=94005"}],"version-history":[{"count":1,"href":"https:\/\/www.egemtv.com\/index.php?rest_route=\/wp\/v2\/posts\/94005\/revisions"}],"predecessor-version":[{"id":94007,"href":"https:\/\/www.egemtv.com\/index.php?rest_route=\/wp\/v2\/posts\/94005\/revisions\/94007"}],"wp:featuredmedia":[{"embeddable":true,"href":"https:\/\/www.egemtv.com\/index.php?rest_route=\/wp\/v2\/media\/94006"}],"wp:attachment":[{"href":"https:\/\/www.egemtv.com\/index.php?rest_route=%2Fwp%2Fv2%2Fmedia&parent=94005"}],"wp:term":[{"taxonomy":"category","embeddable":true,"href":"https:\/\/www.egemtv.com\/index.php?rest_route=%2Fwp%2Fv2%2Fcategories&post=94005"},{"taxonomy":"post_tag","embeddable":true,"href":"https:\/\/www.egemtv.com\/index.php?rest_route=%2Fwp%2Fv2%2Ftags&post=94005"}],"curies":[{"name":"wp","href":"https:\/\/api.w.org\/{rel}","templated":true}]}}