{"id":94002,"date":"2026-03-13T20:14:48","date_gmt":"2026-03-13T17:14:48","guid":{"rendered":"https:\/\/www.egemtv.com\/?p=94002"},"modified":"2026-03-13T20:14:49","modified_gmt":"2026-03-13T17:14:49","slug":"enerji-ve-tabii-kaynaklar-bakani-bayraktar-hedefimiz-turkiyeyi-enerjide-bagimsiz-kilmak","status":"publish","type":"post","link":"https:\/\/www.egemtv.com\/?p=94002","title":{"rendered":"Enerji ve Tabii Kaynaklar Bakan\u0131 Bayraktar: &#8220;Hedefimiz T\u00fcrkiye\u2019yi enerjide ba\u011f\u0131ms\u0131z k\u0131lmak&#8221;"},"content":{"rendered":"<p>Enerji ve Tabii Kaynaklar Bakan\u0131 Alparslan Bayraktar; &#8220;Hedefimiz T\u00fcrkiye\u2019yi enerjide ba\u011f\u0131ms\u0131z k\u0131lmak&#8221; dedi.<br \/>\n<br \/>Enerji ve Tabii Kaynaklar Bakan\u0131 Alparslan Bayraktar, bir dizi ziyaret ve iftar program\u0131na kat\u0131lmak i\u00e7in Ayd\u0131n\u2019a geldi. Ayd\u0131n Valili\u011fi\u2019nin ard\u0131ndan Bakan Bayraktar\u2019\u0131n ikinci dura\u011f\u0131 AK Parti Ayd\u0131n \u0130l Ba\u015fkanl\u0131\u011f\u0131 oldu. Burada partililerle bir araya gelen Bakan Bayraktar, konu\u015fmas\u0131nda enerjinin \u00f6nemine dikkat \u00e7ekti. B\u00fct\u00fcn d\u00fcnyan\u0131n \u00e7ok zorlu bir s\u00fcre\u00e7ten ge\u00e7ti\u011fini ifade eden Bakan Bayraktar, &#8220;Her zamankinden daha \u00e7ok birlik beraberli\u011fe ihtiyac\u0131m\u0131z oldu\u011fu bir d\u00f6nemdeyiz. Son ya\u015fanan geli\u015fmelerin ar\u0131ndan \u2018enerji \u00f6nemli bir \u015feymi\u015f\u2019 denmeye ba\u015flad\u0131. Asl\u0131nda enerji hep \u00f6nemli bir \u015feydi. Enerjisiz bir hayat, elektriksiz bir hayat\u0131n\u0131 d\u00fc\u015f\u00fcnmek m\u00fcmk\u00fcn de\u011fil. Art\u0131k b\u00fct\u00fcn d\u00fcnyan\u0131n enerji kaynaklar\u0131na eri\u015fimi ve onlar\u0131 g\u00fcvenceye almak i\u00e7in b\u00fcy\u00fck bir m\u00fccadelesi var. \u00c7ok hassas dengede \u00e7ok \u00f6nemli bir s\u00fcreci y\u00f6netmeye gayret ediyoruz. Bu d\u00f6nemler bize bir kez daha g\u00f6sterdi ki, T\u00fcrkiye\u2019nin uygulam\u0131\u015f oldu\u011fu, Cumhurba\u015fkan\u0131m\u0131z\u0131n \u2018T\u00fcrkiye Y\u00fczy\u0131l\u0131\u2019 vizyonu, o vizyon i\u00e7erisinde enerji alan\u0131nda bizim yapt\u0131klar\u0131m\u0131z \u015funu ortaya koydu ki, bu g\u00fcnler i\u00e7in \u00fclkemizin Gabar\u2019da petrol\u00fcn\u00fc \u00fcretmesi, Karadeniz\u2019de, Sakarya\u2019da gaz sahas\u0131nda gaz \u00fcretmesi, aramas\u0131, bulmas\u0131, kendi gemileriyle bu i\u015fi yapmas\u0131, Ayd\u0131n\u2019\u0131n jeotermalinden, r\u00fczgar\u0131ndan, k\u00f6m\u00fcr\u00fcne sahip olmas\u0131 ne kadar emniyetli oldu\u011funu a\u00e7\u0131k\u00e7as\u0131 ortaya koydu. \u00c7\u00fcnk\u00fc enerji sa\u011flamak zorundas\u0131n\u0131z. Art\u0131k elektriksiz bir \u015fey d\u00fc\u015f\u00fcnmek m\u00fcmk\u00fcn de\u011fil. Dolay\u0131s\u0131yla b\u00f6yle bir sahada bizim enerjisiz y\u00fcr\u00fcme \u015fans\u0131m\u0131z yok. Onun i\u00e7in biz, yerli ve yenilenebilir kaynaklar\u0131m\u0131z\u0131 kullanmak zorunday\u0131z. Do\u011fru ve \u00e7evreye uyumlu \u015fekilde kullanmam\u0131z laz\u0131m. Do\u011fal gaz art\u0131k o da hayat\u0131m\u0131z\u0131n bir par\u00e7as\u0131. Yani tabii Ayd\u0131n biraz daha s\u0131cak bir memleket ama biz 81 ilimizde 950\u2019nin \u00fczerindeki yerle\u015fkeye do\u011falgaz\u0131 g\u00f6t\u00fcrd\u00fck. Hamdolsun son \u00fc\u00e7 senedir kendi do\u011falgaz\u0131m\u0131z\u0131 \u00fcretir hale geldik. Bug\u00fcn 4 milyon hanede kendi do\u011falgaz\u0131m\u0131z\u0131 kullan\u0131yoruz. Bu senenin sonunda rakam\u0131 8 milyon haneye \u00e7\u0131karaca\u011f\u0131z. Hedefimiz T\u00fcrkiye\u2019yi enerjide ba\u011f\u0131ms\u0131z k\u0131lmak. T\u00fcrkiye\u2019yi enerjide d\u0131\u015fa ba\u011f\u0131ml\u0131l\u0131ktan kurtarmak. Hem bu bizi uluslararas\u0131 alanda \u00e7ok daha g\u00fc\u00e7l\u00fc hale getirecek, hem de d\u0131\u015far\u0131ya \u00f6dedi\u011fimiz d\u00f6viz cebimize kalacak. Onun i\u00e7in T\u00fcrkiye, kendi ekipman\u0131yla kendi gemileriyle do\u011falgaz\u0131 ar\u0131yor. T\u00fcrkiye d\u0131\u015far\u0131da da ar\u0131yor. \u00c7a\u011fr\u0131 Bey gemisini buradan birka\u00e7 hafta \u00f6nce Somali\u2019ye g\u00f6nderdik \u015fimdi orada petrol ar\u0131yor. Pakistan\u2019a sismik gemimizi g\u00f6nderece\u011fiz. Gabar\u2019da y\u0131llarca o topraklardaki petrol\u00fc 2021 y\u0131l\u0131nda bulduk. Bunun i\u00e7in kendi enerjimizi \u00fcretmek i\u00e7in \u00e7abal\u0131yoruz&#8221; dedi.<br \/><\/p>\n","protected":false},"excerpt":{"rendered":"<p>Enerji ve Tabii Kaynaklar Bakan\u0131 Alparslan Bayraktar; &#8220;Hedefimiz T\u00fcrkiye\u2019yi enerjide ba\u011f\u0131ms\u0131z k\u0131lmak&#8221; dedi. Enerji ve Tabii Kaynaklar Bakan\u0131 Alparslan Bayraktar, bir dizi ziyaret ve iftar program\u0131na kat\u0131lmak i\u00e7in Ayd\u0131n\u2019a geldi. Ayd\u0131n Valili\u011fi\u2019nin ard\u0131ndan Bakan Bayraktar\u2019\u0131n ikinci dura\u011f\u0131 AK Parti Ayd\u0131n \u0130l Ba\u015fkanl\u0131\u011f\u0131 oldu. Burada partililerle bir araya gelen Bakan Bayraktar, konu\u015fmas\u0131nda enerjinin \u00f6nemine dikkat \u00e7ekti&#8230;.<\/p>\n","protected":false},"author":1,"featured_media":94003,"comment_status":"open","ping_status":"open","sticky":false,"template":"","format":"standard","meta":{"_crdt_document":"","footnotes":""},"categories":[127],"tags":[],"class_list":["post-94002","post","type-post","status-publish","format-standard","has-post-thumbnail","hentry","category-siyaset"],"_links":{"self":[{"href":"https:\/\/www.egemtv.com\/index.php?rest_route=\/wp\/v2\/posts\/94002","targetHints":{"allow":["GET"]}}],"collection":[{"href":"https:\/\/www.egemtv.com\/index.php?rest_route=\/wp\/v2\/posts"}],"about":[{"href":"https:\/\/www.egemtv.com\/index.php?rest_route=\/wp\/v2\/types\/post"}],"author":[{"embeddable":true,"href":"https:\/\/www.egemtv.com\/index.php?rest_route=\/wp\/v2\/users\/1"}],"replies":[{"embeddable":true,"href":"https:\/\/www.egemtv.com\/index.php?rest_route=%2Fwp%2Fv2%2Fcomments&post=94002"}],"version-history":[{"count":1,"href":"https:\/\/www.egemtv.com\/index.php?rest_route=\/wp\/v2\/posts\/94002\/revisions"}],"predecessor-version":[{"id":94004,"href":"https:\/\/www.egemtv.com\/index.php?rest_route=\/wp\/v2\/posts\/94002\/revisions\/94004"}],"wp:featuredmedia":[{"embeddable":true,"href":"https:\/\/www.egemtv.com\/index.php?rest_route=\/wp\/v2\/media\/94003"}],"wp:attachment":[{"href":"https:\/\/www.egemtv.com\/index.php?rest_route=%2Fwp%2Fv2%2Fmedia&parent=94002"}],"wp:term":[{"taxonomy":"category","embeddable":true,"href":"https:\/\/www.egemtv.com\/index.php?rest_route=%2Fwp%2Fv2%2Fcategories&post=94002"},{"taxonomy":"post_tag","embeddable":true,"href":"https:\/\/www.egemtv.com\/index.php?rest_route=%2Fwp%2Fv2%2Ftags&post=94002"}],"curies":[{"name":"wp","href":"https:\/\/api.w.org\/{rel}","templated":true}]}}