{"id":93996,"date":"2026-03-13T18:34:47","date_gmt":"2026-03-13T15:34:47","guid":{"rendered":"https:\/\/www.egemtv.com\/?p=93996"},"modified":"2026-03-13T18:34:48","modified_gmt":"2026-03-13T15:34:48","slug":"gelecegin-hekimleri-beyaz-onluk-giydi","status":"publish","type":"post","link":"https:\/\/www.egemtv.com\/?p=93996","title":{"rendered":"Gelece\u011fin hekimleri \u2018Beyaz \u00f6nl\u00fck\u2019 giydi"},"content":{"rendered":"<p>Mu\u011fla S\u0131tk\u0131 Ko\u00e7man \u00dcniversitesi T\u0131p Fak\u00fcltesi\u2019nde e\u011fitimlerine ba\u015flayan 1. s\u0131n\u0131f \u00f6\u011frencileri i\u00e7in \u2018Beyaz \u00d6nl\u00fck Giyme T\u00f6reni\u2019 d\u00fczenlendi. T\u00f6rende akademik unvanlar\u0131 y\u00fckselen \u00f6\u011fretim \u00fcyeleri yeni c\u00fcbbelerini giyerken, 14 Mart T\u0131p Bayram\u0131 nedeniyle d\u00fczenlenen yar\u0131\u015fmalarda dereceye girenlerin \u00f6d\u00fclleri verildi.<br \/>\n<br \/>Mu\u011fla S\u0131tk\u0131 Ko\u00e7man \u00dcniversitesi Atat\u00fcrk K\u00fclt\u00fcr Merkezi 15 Temmuz Demokrasi \u015eehitleri salonunda ger\u00e7ekle\u015ftirilen t\u00f6ren, akademisyenler, \u00f6\u011frenciler ve ailelerin yo\u011fun kat\u0131l\u0131m\u0131yla yap\u0131ld\u0131. T\u00f6renin a\u00e7\u0131l\u0131\u015f\u0131nda G\u00fczel Sanatlar Fak\u00fcltesi taraf\u0131ndan verilen mini konserin ard\u0131ndan T\u0131p Fak\u00fcltesi Dekan\u0131 Prof. Dr. S\u00fcleyman C\u00fcneyt Karaku\u015f konu\u015fma yapt\u0131.<br \/>\n<br \/>\u2018Beyaz \u00f6nl\u00fck giyme\u2019 t\u00f6reninde konu\u015fan Mu\u011fla S\u0131tk\u0131 Ko\u00e7man \u00dcniversitesi Rekt\u00f6r\u00fc Prof. Dr. Turhan Ka\u00e7ar, &#8220;T\u0131p, hem teorik donan\u0131m, hem de pratik beceri gerektiren bir alan olman\u0131n \u00f6tesinde, insana dokunan, insan hayat\u0131n\u0131 merkeze alan sab\u0131r, merhamet ve sorumluluk duygusunu birlikte ta\u015f\u0131yan \u00e7ok \u00f6zel bir meslektir. Bir hekimin att\u0131\u011f\u0131 her ad\u0131m, verdi\u011fi her karar, bir insan\u0131n hayat\u0131na do\u011frudan etkiler. \u00c7\u00fcnk\u00fc hayat\u0131m\u0131z\u0131n her safhas\u0131nda t\u0131bb\u0131n farkl\u0131 bran\u015flar\u0131n\u0131 temsil eden hekimlerle hepimiz bir \u015fekilde kar\u015f\u0131la\u015f\u0131yoruz. Bug\u00fcn giyece\u011finiz beyaz \u00f6nl\u00fck yaln\u0131zca bir k\u0131yafet de\u011fildir. O \u00f6nl\u00fck bilginin, sorumlulu\u011fun, cesaretin, g\u00fcvenin ve insan hayat\u0131na duyulan sayg\u0131n\u0131n sembol\u00fcd\u00fcr. Bu \u00f6nl\u00fc\u011f\u00fc ta\u015f\u0131man\u0131n onurunu ya\u015farken, ayn\u0131 zamanda onun gerektirdi\u011fi sorumlulu\u011fun da fark\u0131nda olaca\u011f\u0131n\u0131za inan\u0131yorum. Sizlerden beklentimiz bilimin \u0131\u015f\u0131\u011f\u0131nda ilerleyin, mesleki etik de\u011ferlerinden taviz vermeyin, insan hayat\u0131n\u0131 her \u015feyin \u00fczerinde tutan hekimler olman\u0131zd\u0131r. Hastalar\u0131n\u0131zla kuraca\u011f\u0131n\u0131z g\u00fc\u00e7l\u00fc ileti\u015fim, zarafet ve nezaketiniz, mesleki bilgi ve beceriniz ile bir araya geldi\u011fi zaman muhataplar\u0131n\u0131z\u0131n nezdinde nas\u0131l bir kahramana d\u00f6n\u00fc\u015ft\u00fc\u011f\u00fcn\u00fcz\u00fc hayat\u0131n\u0131z boyunca s\u0131k\u00e7a g\u00f6receksiniz. Bu vesileyle b\u00fcy\u00fck bir \u00f6zveriyle \u00e7al\u0131\u015fan t\u00fcm hekimlerimizin ve sa\u011fl\u0131k\u00e7\u0131lar\u0131m\u0131z\u0131n 14 Mart T\u0131p Bayram\u0131\u2019n\u0131 bir kez daha kutluyorum. Hepinize \u00f6n\u00fcn\u00fczdeki ya\u015fam\u0131n\u0131zda \u00fcst\u00fcn ba\u015far\u0131lar diliyorum&#8221; dedi.<br \/>\n<br \/>Konu\u015fmalar\u0131n ard\u0131ndan MSK\u00dc T\u0131p Fak\u00fcltesi 1. S\u0131n\u0131f \u00f6\u011frencilerine beyaz \u00f6nl\u00fckleri Rekt\u00f6r Prof. Dr. Turhan Ka\u00e7ar ve t\u00f6rene kat\u0131lan protokol \u00fcyeleri taraf\u0131ndan giydirildi.<br \/><\/p>\n","protected":false},"excerpt":{"rendered":"<p>Mu\u011fla S\u0131tk\u0131 Ko\u00e7man \u00dcniversitesi T\u0131p Fak\u00fcltesi\u2019nde e\u011fitimlerine ba\u015flayan 1. s\u0131n\u0131f \u00f6\u011frencileri i\u00e7in \u2018Beyaz \u00d6nl\u00fck Giyme T\u00f6reni\u2019 d\u00fczenlendi. T\u00f6rende akademik unvanlar\u0131 y\u00fckselen \u00f6\u011fretim \u00fcyeleri yeni c\u00fcbbelerini giyerken, 14 Mart T\u0131p Bayram\u0131 nedeniyle d\u00fczenlenen yar\u0131\u015fmalarda dereceye girenlerin \u00f6d\u00fclleri verildi. Mu\u011fla S\u0131tk\u0131 Ko\u00e7man \u00dcniversitesi Atat\u00fcrk K\u00fclt\u00fcr Merkezi 15 Temmuz Demokrasi \u015eehitleri salonunda ger\u00e7ekle\u015ftirilen t\u00f6ren, akademisyenler, \u00f6\u011frenciler ve ailelerin&#8230;<\/p>\n","protected":false},"author":1,"featured_media":93997,"comment_status":"open","ping_status":"open","sticky":false,"template":"","format":"standard","meta":{"_crdt_document":"","footnotes":""},"categories":[1],"tags":[],"class_list":["post-93996","post","type-post","status-publish","format-standard","has-post-thumbnail","hentry","category-guncel"],"_links":{"self":[{"href":"https:\/\/www.egemtv.com\/index.php?rest_route=\/wp\/v2\/posts\/93996","targetHints":{"allow":["GET"]}}],"collection":[{"href":"https:\/\/www.egemtv.com\/index.php?rest_route=\/wp\/v2\/posts"}],"about":[{"href":"https:\/\/www.egemtv.com\/index.php?rest_route=\/wp\/v2\/types\/post"}],"author":[{"embeddable":true,"href":"https:\/\/www.egemtv.com\/index.php?rest_route=\/wp\/v2\/users\/1"}],"replies":[{"embeddable":true,"href":"https:\/\/www.egemtv.com\/index.php?rest_route=%2Fwp%2Fv2%2Fcomments&post=93996"}],"version-history":[{"count":1,"href":"https:\/\/www.egemtv.com\/index.php?rest_route=\/wp\/v2\/posts\/93996\/revisions"}],"predecessor-version":[{"id":93998,"href":"https:\/\/www.egemtv.com\/index.php?rest_route=\/wp\/v2\/posts\/93996\/revisions\/93998"}],"wp:featuredmedia":[{"embeddable":true,"href":"https:\/\/www.egemtv.com\/index.php?rest_route=\/wp\/v2\/media\/93997"}],"wp:attachment":[{"href":"https:\/\/www.egemtv.com\/index.php?rest_route=%2Fwp%2Fv2%2Fmedia&parent=93996"}],"wp:term":[{"taxonomy":"category","embeddable":true,"href":"https:\/\/www.egemtv.com\/index.php?rest_route=%2Fwp%2Fv2%2Fcategories&post=93996"},{"taxonomy":"post_tag","embeddable":true,"href":"https:\/\/www.egemtv.com\/index.php?rest_route=%2Fwp%2Fv2%2Ftags&post=93996"}],"curies":[{"name":"wp","href":"https:\/\/api.w.org\/{rel}","templated":true}]}}