{"id":93993,"date":"2026-03-13T18:14:40","date_gmt":"2026-03-13T15:14:40","guid":{"rendered":"https:\/\/www.egemtv.com\/?p=93993"},"modified":"2026-03-13T18:14:40","modified_gmt":"2026-03-13T15:14:40","slug":"baskan-gunelin-gozaltina-alinmasina-kusadasinda-tepki","status":"publish","type":"post","link":"https:\/\/www.egemtv.com\/?p=93993","title":{"rendered":"Ba\u015fkan G\u00fcnel\u2019in g\u00f6zalt\u0131na al\u0131nmas\u0131na Ku\u015fadas\u0131\u2019nda tepki"},"content":{"rendered":"<p>Ku\u015fadas\u0131 Belediye Ba\u015fkan\u0131 \u00d6mer G\u00fcnel\u2019in \u0130stanbul\u2019da g\u00f6zalt\u0131na al\u0131nmas\u0131 tepkiyle kar\u015f\u0131land\u0131. Ku\u015fadas\u0131 Belediyesi \u00f6n\u00fcnde milletvekilleri, CHP\u2019li y\u00f6neticiler ve belediye ba\u015fkanlar\u0131n\u0131n kat\u0131l\u0131m\u0131yla bas\u0131n a\u00e7\u0131klamas\u0131 d\u00fczenlendi.<br \/>\n<br \/>Ku\u015fadas\u0131 Belediye Ba\u015fkan\u0131 \u00d6mer G\u00fcnel, \u0130stanbul\u2019da g\u00f6zalt\u0131na al\u0131nmas\u0131n\u0131n ard\u0131ndan CHP Ayd\u0131n \u0130l \u00d6rg\u00fct\u00fc, Ku\u015fadas\u0131 Belediyesi Ana Hizmet Binas\u0131 \u00f6n\u00fcnde bas\u0131n a\u00e7\u0131klamas\u0131 d\u00fczenledi. A\u00e7\u0131klamaya CHP Ayd\u0131n Milletvekilleri S\u00fcleyman B\u00fclb\u00fcl, Evrim Karakoz, Mu\u011fla Milletvekili ve Cumhurba\u015fkanl\u0131\u011f\u0131 Aday Ofisi Hukuk Politikalar\u0131 Kurulu ve TBMM Adalet Komisyonu \u00dcyesi Cumhur Uzun, CHP Ayd\u0131n \u0130l Ba\u015fkan\u0131 Hikmet Saat\u00e7\u0131, CHP Ku\u015fadas\u0131 \u0130l\u00e7e \u00d6rg\u00fct\u00fc Ba\u015fkan\u0131 Mehmet G\u00fcrbilek ve y\u00f6netimi, Ayd\u0131n\u2019daki CHP il\u00e7e \u00f6rg\u00fctlerinin y\u00f6neticileri, Efeler Belediye Ba\u015fkan\u0131 An\u0131l Yeti\u015fkin, Didim Belediye Ba\u015fkan\u0131 Hatice Gen\u00e7ay, Nazilli Belediye Ba\u015fkan\u0131 Ertu\u011frul Tetik, Germencik Belediye Ba\u015fkan\u0131 Burak Zencirci, Ko\u00e7arl\u0131 Belediye Ba\u015fkan\u0131 \u00d6zg\u00fcr Ar\u0131c\u0131, Kuyucak Belediye Ba\u015fkan\u0131 U\u011fur Do\u011fanca, \u00c7ine Belediye Ba\u015fkan\u0131 Mehmet K\u0131vrak, Bozdo\u011fan Belediye Ba\u015fkan\u0131 Mustafa Galip \u00d6zel, Sel\u00e7uk Belediye Ba\u015fkan\u0131 Filiz Cerito\u011flu Sengel, Ku\u015fadas\u0131 Belediye ba\u015fkan yard\u0131mc\u0131lar\u0131, meclis \u00fcyeleri ve \u00e7ok say\u0131da vatanda\u015f kat\u0131ld\u0131.<br \/>\n<br \/>CHP Ayd\u0131n \u0130l Ba\u015fkan\u0131 Hikmet Saat\u00e7\u0131, &#8220;Bizi bu kumpasla y\u0131ld\u0131ramazlar, korkutamazlar. Biz \u00f6rg\u00fct olarak her bir belediye ba\u015fkan\u0131m\u0131z\u0131n arkas\u0131nday\u0131z. S\u00f6yledi\u011fim gibi ne yaparlarsa yaps\u0131nlar bizi korkutamayacaklar&#8221; dedi.<br \/>\n<br \/>CHP Ayd\u0131n Milletvekili S\u00fcleyman B\u00fclb\u00fcl de, &#8220;Burada bir oyun oynan\u0131yor. Nas\u0131l 31 Mart 2024 yerel se\u00e7imlerinde CHP y\u00fczde 38\u2019le birinci parti olduysa, ilk genel se\u00e7imde Cumhurba\u015fkan\u0131 aday\u0131m\u0131z Ekrem \u0130mamo\u011flu iktidara gelecek. Belediye ba\u015fkanlar\u0131n\u0131 itibars\u0131z hale sokan ve CHP\u2019nin kurumsal yap\u0131s\u0131na sald\u0131r\u0131 niteli\u011finde olan operasyonlar devam ediyor. Bu sabah, Ku\u015fadas\u0131\u2019nda Ku\u015fadas\u0131\u2019n\u0131n halk\u0131n\u0131n iradesini gasbeden bir operasyon yap\u0131ld\u0131. \u00c7a\u011fr\u0131ld\u0131\u011f\u0131 vakit davetiye ile gelebilecek belediye ba\u015fkan\u0131m\u0131z sabah operasyonu ile g\u00f6zalt\u0131na al\u0131nd\u0131. Diyorlar ki: \u2019Siz ne yaparsan\u0131z yap\u0131n, iktidara gelmenizi engelleyece\u011fiz.\u2019 Yapamayacaklar, CHP iktidar\u0131nda engel olamayacaklar. \u0130tibars\u0131zla\u015ft\u0131rma operasyonlar\u0131 tutmayacak \u00e7\u00fcnk\u00fc CHP t\u00fcm anketlerde \u00f6nde ve iktidara do\u011fru y\u00fcr\u00fcyor. De\u011ferli \u00d6mer Ba\u015fkan\u0131m\u0131z\u0131n saklayacak hi\u00e7bir \u015feyi yoktur. Bizler CHP milletvekilleri, il ve il\u00e7e ba\u015fkanlar\u0131, belediye ba\u015fkanlar\u0131 olarak \u00d6mer G\u00fcnel\u2019in yan\u0131nday\u0131z. \u00d6mer G\u00fcnel \u2019Ya i\u00e7eri gir ya da gel partiye kaydol\u2019 diyen iradeye kar\u015f\u0131 koyan belediye ba\u015fkan\u0131d\u0131r ve yaln\u0131z de\u011fildir&#8221; dedi.<br \/>\n<br \/>B\u00fclb\u00fcl s\u00f6zlerini \u015f\u00f6yle tamamlad\u0131: &#8220;Bu kumpas davas\u0131 Ku\u015fadas\u0131\u2019ndaki \u00d6mer G\u00fcnel ba\u015fkana ve Ku\u015fadas\u0131\u2019nda CHP\u2019ye oy veren se\u00e7menin iradesini gasp etmektir. Bu operasyonlar, iradeyi gasp eden siyasi yarg\u0131sal aparatlarla belediye ba\u015fkanlar\u0131m\u0131z\u0131 rakipleri kar\u015f\u0131s\u0131nda saf d\u0131\u015f\u0131 etme operasyonudur. Ne kadar saf d\u0131\u015f\u0131 etmeye \u00e7al\u0131\u015fsan\u0131z da hepimiz \u00d6mer G\u00fcnel\u2019iz. Birlikte olaca\u011f\u0131z, birlikte kazanaca\u011f\u0131z.&#8221;<br \/><\/p>\n","protected":false},"excerpt":{"rendered":"<p>Ku\u015fadas\u0131 Belediye Ba\u015fkan\u0131 \u00d6mer G\u00fcnel\u2019in \u0130stanbul\u2019da g\u00f6zalt\u0131na al\u0131nmas\u0131 tepkiyle kar\u015f\u0131land\u0131. Ku\u015fadas\u0131 Belediyesi \u00f6n\u00fcnde milletvekilleri, CHP\u2019li y\u00f6neticiler ve belediye ba\u015fkanlar\u0131n\u0131n kat\u0131l\u0131m\u0131yla bas\u0131n a\u00e7\u0131klamas\u0131 d\u00fczenlendi. Ku\u015fadas\u0131 Belediye Ba\u015fkan\u0131 \u00d6mer G\u00fcnel, \u0130stanbul\u2019da g\u00f6zalt\u0131na al\u0131nmas\u0131n\u0131n ard\u0131ndan CHP Ayd\u0131n \u0130l \u00d6rg\u00fct\u00fc, Ku\u015fadas\u0131 Belediyesi Ana Hizmet Binas\u0131 \u00f6n\u00fcnde bas\u0131n a\u00e7\u0131klamas\u0131 d\u00fczenledi. A\u00e7\u0131klamaya CHP Ayd\u0131n Milletvekilleri S\u00fcleyman B\u00fclb\u00fcl, Evrim Karakoz, Mu\u011fla Milletvekili&#8230;<\/p>\n","protected":false},"author":1,"featured_media":93994,"comment_status":"open","ping_status":"open","sticky":false,"template":"","format":"standard","meta":{"_crdt_document":"","footnotes":""},"categories":[127],"tags":[],"class_list":["post-93993","post","type-post","status-publish","format-standard","has-post-thumbnail","hentry","category-siyaset"],"_links":{"self":[{"href":"https:\/\/www.egemtv.com\/index.php?rest_route=\/wp\/v2\/posts\/93993","targetHints":{"allow":["GET"]}}],"collection":[{"href":"https:\/\/www.egemtv.com\/index.php?rest_route=\/wp\/v2\/posts"}],"about":[{"href":"https:\/\/www.egemtv.com\/index.php?rest_route=\/wp\/v2\/types\/post"}],"author":[{"embeddable":true,"href":"https:\/\/www.egemtv.com\/index.php?rest_route=\/wp\/v2\/users\/1"}],"replies":[{"embeddable":true,"href":"https:\/\/www.egemtv.com\/index.php?rest_route=%2Fwp%2Fv2%2Fcomments&post=93993"}],"version-history":[{"count":1,"href":"https:\/\/www.egemtv.com\/index.php?rest_route=\/wp\/v2\/posts\/93993\/revisions"}],"predecessor-version":[{"id":93995,"href":"https:\/\/www.egemtv.com\/index.php?rest_route=\/wp\/v2\/posts\/93993\/revisions\/93995"}],"wp:featuredmedia":[{"embeddable":true,"href":"https:\/\/www.egemtv.com\/index.php?rest_route=\/wp\/v2\/media\/93994"}],"wp:attachment":[{"href":"https:\/\/www.egemtv.com\/index.php?rest_route=%2Fwp%2Fv2%2Fmedia&parent=93993"}],"wp:term":[{"taxonomy":"category","embeddable":true,"href":"https:\/\/www.egemtv.com\/index.php?rest_route=%2Fwp%2Fv2%2Fcategories&post=93993"},{"taxonomy":"post_tag","embeddable":true,"href":"https:\/\/www.egemtv.com\/index.php?rest_route=%2Fwp%2Fv2%2Ftags&post=93993"}],"curies":[{"name":"wp","href":"https:\/\/api.w.org\/{rel}","templated":true}]}}