{"id":93990,"date":"2026-03-13T17:54:57","date_gmt":"2026-03-13T14:54:57","guid":{"rendered":"https:\/\/www.egemtv.com\/?p=93990"},"modified":"2026-03-13T17:54:57","modified_gmt":"2026-03-13T14:54:57","slug":"baskan-kaya-engelli-iskenderin-istegini-yerine-getirdi","status":"publish","type":"post","link":"https:\/\/www.egemtv.com\/?p=93990","title":{"rendered":"Ba\u015fkan Kaya engelli \u0130skender\u2019in iste\u011fini yerine getirdi"},"content":{"rendered":"<p>\u0130ncirliova Belediye Ba\u015fkan\u0131 Aytekin Kaya, engelli vatanda\u015f \u0130skender Karata\u015f\u2019\u0131n talebini geri \u00e7evirmedi. Sevgi Yolu\u2019nda kar\u015f\u0131la\u015ft\u0131\u011f\u0131 Ba\u015fkan Kaya\u2019dan kullan\u0131lamaz hale gelen tekerlekli sandalyesinin de\u011fi\u015ftirilmesini isteyen Karata\u015f\u2019\u0131n bu iste\u011fi k\u0131sa s\u00fcrede yerine getirildi.<br \/>\n<br \/>Ba\u015fkan Kaya, Sosyal Hizmetler Birimi ile birlikte yeni tekerlekli sandalyeyi Karata\u015f\u2019a bizzat teslim etti. Kurtulu\u015f Mahallesi\u2019nde ya\u015fayan 49 ya\u015f\u0131ndaki Karata\u015f\u2019a 2 ya\u015f\u0131nda menenjit, 18 ya\u015f\u0131nda ise Parkinson te\u015fhisi konuldu. Hastal\u0131\u011f\u0131n ilerlemesiyle y\u00fcr\u00fcyemez hale gelen Karata\u015f uzun y\u0131llard\u0131r tekerlekli sandalye kullan\u0131yor. Art\u0131k kullan\u0131lamaz durumdaki sandalyesi, Belediye taraf\u0131ndan yenilenerek kendisine teslim edildi.<br \/>\n<br \/>Tekerlekli sandalye tesliminde Ba\u015fkan Kaya ile sohbet eden Karata\u015f, develeri \u00e7ok sevdi\u011fini belirterek Ba\u015fkan Kaya\u2019dan develerini g\u00f6rmek istedi\u011fini s\u00f6yledi. Bunun \u00fczerine Ba\u015fkan Kaya, Karata\u015f\u2019\u0131 en k\u0131sa s\u00fcrede deve \u00e7iftli\u011fine g\u00f6t\u00fcrerek develerle bulu\u015fturma s\u00f6z\u00fc verdi. Ba\u015fkan Kaya ayr\u0131ca Karata\u015f\u2019\u0131 yeni sandalyesiyle belediyeye davet etti.<br \/>\n<br \/>Teslimin ard\u0131ndan a\u00e7\u0131klama yapan Ba\u015fkan Kaya, \u0130skender Karata\u015f\u2019\u0131 uzun y\u0131llard\u0131r tan\u0131d\u0131\u011f\u0131n\u0131 belirterek, &#8220;\u0130skender bizim \u00e7ok sevdi\u011fimiz bir karde\u015fimiz. Sandalyesinin art\u0131k kullan\u0131lamayacak durumda oldu\u011funu g\u00f6rd\u00fck ve Sosyal Hizmetler Birimimiz ile birlikte yenisini kendisine teslim ettik. Bundan sonra da birimimiz kendisine her konuda destek olmaya devam edecek. Sosyal belediyecilik bizim en \u00f6nemli \u00f6nceli\u011fimiz. \u0130l\u00e7emizde ya\u015fayan engelli vatanda\u015flar\u0131m\u0131z\u0131n hayat\u0131n\u0131 kolayla\u015ft\u0131rmak ve sorunlar\u0131na \u00e7\u00f6z\u00fcm \u00fcretmek i\u00e7in her zaman yanlar\u0131nda olmaya devam edece\u011fiz&#8221; dedi.<br \/><\/p>\n","protected":false},"excerpt":{"rendered":"<p>\u0130ncirliova Belediye Ba\u015fkan\u0131 Aytekin Kaya, engelli vatanda\u015f \u0130skender Karata\u015f\u2019\u0131n talebini geri \u00e7evirmedi. Sevgi Yolu\u2019nda kar\u015f\u0131la\u015ft\u0131\u011f\u0131 Ba\u015fkan Kaya\u2019dan kullan\u0131lamaz hale gelen tekerlekli sandalyesinin de\u011fi\u015ftirilmesini isteyen Karata\u015f\u2019\u0131n bu iste\u011fi k\u0131sa s\u00fcrede yerine getirildi. Ba\u015fkan Kaya, Sosyal Hizmetler Birimi ile birlikte yeni tekerlekli sandalyeyi Karata\u015f\u2019a bizzat teslim etti. Kurtulu\u015f Mahallesi\u2019nde ya\u015fayan 49 ya\u015f\u0131ndaki Karata\u015f\u2019a 2 ya\u015f\u0131nda menenjit, 18&#8230;<\/p>\n","protected":false},"author":1,"featured_media":93991,"comment_status":"open","ping_status":"open","sticky":false,"template":"","format":"standard","meta":{"_crdt_document":"","footnotes":""},"categories":[1],"tags":[],"class_list":["post-93990","post","type-post","status-publish","format-standard","has-post-thumbnail","hentry","category-guncel"],"_links":{"self":[{"href":"https:\/\/www.egemtv.com\/index.php?rest_route=\/wp\/v2\/posts\/93990","targetHints":{"allow":["GET"]}}],"collection":[{"href":"https:\/\/www.egemtv.com\/index.php?rest_route=\/wp\/v2\/posts"}],"about":[{"href":"https:\/\/www.egemtv.com\/index.php?rest_route=\/wp\/v2\/types\/post"}],"author":[{"embeddable":true,"href":"https:\/\/www.egemtv.com\/index.php?rest_route=\/wp\/v2\/users\/1"}],"replies":[{"embeddable":true,"href":"https:\/\/www.egemtv.com\/index.php?rest_route=%2Fwp%2Fv2%2Fcomments&post=93990"}],"version-history":[{"count":1,"href":"https:\/\/www.egemtv.com\/index.php?rest_route=\/wp\/v2\/posts\/93990\/revisions"}],"predecessor-version":[{"id":93992,"href":"https:\/\/www.egemtv.com\/index.php?rest_route=\/wp\/v2\/posts\/93990\/revisions\/93992"}],"wp:featuredmedia":[{"embeddable":true,"href":"https:\/\/www.egemtv.com\/index.php?rest_route=\/wp\/v2\/media\/93991"}],"wp:attachment":[{"href":"https:\/\/www.egemtv.com\/index.php?rest_route=%2Fwp%2Fv2%2Fmedia&parent=93990"}],"wp:term":[{"taxonomy":"category","embeddable":true,"href":"https:\/\/www.egemtv.com\/index.php?rest_route=%2Fwp%2Fv2%2Fcategories&post=93990"},{"taxonomy":"post_tag","embeddable":true,"href":"https:\/\/www.egemtv.com\/index.php?rest_route=%2Fwp%2Fv2%2Ftags&post=93990"}],"curies":[{"name":"wp","href":"https:\/\/api.w.org\/{rel}","templated":true}]}}