{"id":93984,"date":"2026-03-13T17:54:54","date_gmt":"2026-03-13T14:54:54","guid":{"rendered":"https:\/\/www.egemtv.com\/?p=93984"},"modified":"2026-03-13T17:54:56","modified_gmt":"2026-03-13T14:54:56","slug":"burdurdaki-motosiklet-hirsizlari-ispartada-yakalandi","status":"publish","type":"post","link":"https:\/\/www.egemtv.com\/?p=93984","title":{"rendered":"Burdur\u2019daki motosiklet h\u0131rs\u0131zlar\u0131 Isparta\u2019da yakaland\u0131"},"content":{"rendered":"<p>Burdur\u2019da park halindeki 2 motosikleti \u00e7ald\u0131klar\u0131 belirlenen 2 \u015f\u00fcpheli, polis ekiplerinin \u00e7al\u0131\u015fmas\u0131 sonucu Isparta\u2019da yakaland\u0131. 2 h\u0131rs\u0131zl\u0131k \u015f\u00fcphelisi emniyetteki i\u015flemlerinin ard\u0131ndan \u00e7\u0131kar\u0131ld\u0131\u011f\u0131 mahkemece tutuklanarak cezaevine g\u00f6nderildi.<br \/>\n<br \/>Edilenden bilgiye g\u00f6re, Burdur Emniyet M\u00fcd\u00fcrl\u00fc\u011f\u00fc ekipleri, 27 \u015eubat ve 3 Mart tarihlerinde Bah\u00e7elievler Mahallesi\u2019nde park halindeki 2 motosikletin \u00e7al\u0131nmas\u0131 olaylar\u0131yla ilgili \u00e7al\u0131\u015fma ba\u015flatt\u0131. Yap\u0131lan incelemeler ve ara\u015ft\u0131rmalar sonucu h\u0131rs\u0131zl\u0131k olay\u0131n\u0131 ger\u00e7ekle\u015ftirdi\u011fi belirlenen \u015f\u00fcphelilerin Isparta\u2019da ikamet eden E.E. ve M.S. oldu\u011fu tespit edildi. 9 Mart\u2019ta Isparta \u0130l Emniyet M\u00fcd\u00fcrl\u00fc\u011f\u00fc ile koordineli olarak d\u00fczenlenen operasyonla \u015f\u00fcpheliler yakaland\u0131. G\u00f6zalt\u0131na al\u0131narak Burdur\u2019a getirilen E.E. ve M.S., emniyetteki i\u015flemlerinin ard\u0131ndan \u00e7\u0131kar\u0131ld\u0131klar\u0131 sulh ceza hakimli\u011fince tutuklanarak cezaevine g\u00f6nderildi.<br \/><\/p>\n","protected":false},"excerpt":{"rendered":"<p>Burdur\u2019da park halindeki 2 motosikleti \u00e7ald\u0131klar\u0131 belirlenen 2 \u015f\u00fcpheli, polis ekiplerinin \u00e7al\u0131\u015fmas\u0131 sonucu Isparta\u2019da yakaland\u0131. 2 h\u0131rs\u0131zl\u0131k \u015f\u00fcphelisi emniyetteki i\u015flemlerinin ard\u0131ndan \u00e7\u0131kar\u0131ld\u0131\u011f\u0131 mahkemece tutuklanarak cezaevine g\u00f6nderildi. Edilenden bilgiye g\u00f6re, Burdur Emniyet M\u00fcd\u00fcrl\u00fc\u011f\u00fc ekipleri, 27 \u015eubat ve 3 Mart tarihlerinde Bah\u00e7elievler Mahallesi\u2019nde park halindeki 2 motosikletin \u00e7al\u0131nmas\u0131 olaylar\u0131yla ilgili \u00e7al\u0131\u015fma ba\u015flatt\u0131. Yap\u0131lan incelemeler ve ara\u015ft\u0131rmalar sonucu&#8230;<\/p>\n","protected":false},"author":1,"featured_media":93985,"comment_status":"open","ping_status":"open","sticky":false,"template":"","format":"standard","meta":{"_crdt_document":"","footnotes":""},"categories":[5],"tags":[],"class_list":["post-93984","post","type-post","status-publish","format-standard","has-post-thumbnail","hentry","category-asayis"],"_links":{"self":[{"href":"https:\/\/www.egemtv.com\/index.php?rest_route=\/wp\/v2\/posts\/93984","targetHints":{"allow":["GET"]}}],"collection":[{"href":"https:\/\/www.egemtv.com\/index.php?rest_route=\/wp\/v2\/posts"}],"about":[{"href":"https:\/\/www.egemtv.com\/index.php?rest_route=\/wp\/v2\/types\/post"}],"author":[{"embeddable":true,"href":"https:\/\/www.egemtv.com\/index.php?rest_route=\/wp\/v2\/users\/1"}],"replies":[{"embeddable":true,"href":"https:\/\/www.egemtv.com\/index.php?rest_route=%2Fwp%2Fv2%2Fcomments&post=93984"}],"version-history":[{"count":1,"href":"https:\/\/www.egemtv.com\/index.php?rest_route=\/wp\/v2\/posts\/93984\/revisions"}],"predecessor-version":[{"id":93986,"href":"https:\/\/www.egemtv.com\/index.php?rest_route=\/wp\/v2\/posts\/93984\/revisions\/93986"}],"wp:featuredmedia":[{"embeddable":true,"href":"https:\/\/www.egemtv.com\/index.php?rest_route=\/wp\/v2\/media\/93985"}],"wp:attachment":[{"href":"https:\/\/www.egemtv.com\/index.php?rest_route=%2Fwp%2Fv2%2Fmedia&parent=93984"}],"wp:term":[{"taxonomy":"category","embeddable":true,"href":"https:\/\/www.egemtv.com\/index.php?rest_route=%2Fwp%2Fv2%2Fcategories&post=93984"},{"taxonomy":"post_tag","embeddable":true,"href":"https:\/\/www.egemtv.com\/index.php?rest_route=%2Fwp%2Fv2%2Ftags&post=93984"}],"curies":[{"name":"wp","href":"https:\/\/api.w.org\/{rel}","templated":true}]}}