{"id":93981,"date":"2026-03-13T17:14:55","date_gmt":"2026-03-13T14:14:55","guid":{"rendered":"https:\/\/www.egemtv.com\/?p=93981"},"modified":"2026-03-13T17:14:56","modified_gmt":"2026-03-13T14:14:56","slug":"koskte-incir-yetistiriciligi-muhafaza-ve-gida-guvenirligi-egitimi-gerceklesti","status":"publish","type":"post","link":"https:\/\/www.egemtv.com\/?p=93981","title":{"rendered":"K\u00f6\u015fk\u2019te \u0130ncir Yeti\u015ftiricili\u011fi, Muhafaza ve G\u0131da G\u00fcvenirli\u011fi E\u011fitimi ger\u00e7ekle\u015fti"},"content":{"rendered":"<p>K\u00f6\u015fk \u0130l\u00e7e Tar\u0131m ve Orman M\u00fcd\u00fcrl\u00fc\u011f\u00fc Toplant\u0131 Salonunda &#8220;\u0130ncir Yeti\u015ftiricili\u011fi, Muhafaza ve G\u0131da G\u00fcvenilirli\u011fi E\u011fitimi&#8221; ger\u00e7ekle\u015fti.<\/p>\n<p>Avrupa Birli\u011fi co\u011frafi i\u015faret tesciline sahip Ayd\u0131n \u0130ncirinde kalite ve verimlili\u011fi art\u0131rmaya y\u00f6nelik y\u00fcr\u00fct\u00fclen \u00e7al\u0131\u015fmalar kapsam\u0131nda \u00fcreticilerle bulu\u015fmalar devam ediyor. Ayd\u0131n \u0130l genelinde ger\u00e7ekle\u015ftirilen \u00fcretici toplant\u0131lar\u0131n\u0131n bir di\u011fer dura\u011f\u0131 K\u00f6\u015fk il\u00e7esi oldu. K\u00f6\u015fkl\u00fc incir \u00fcreticileri ile ger\u00e7ekle\u015ftirilen toplant\u0131da il\u00e7enin incir \u00fcretim potansiyeli, \u00fcretimde kaliteyi art\u0131rmaya y\u00f6nelik uygulamalar ve teknik konular ele al\u0131nd\u0131.<\/p>\n<p>Ger\u00e7ekle\u015fen bilgilendirme toplant\u0131s\u0131na Ayd\u0131n \u0130l Tar\u0131m ve Orman M\u00fcd\u00fcrl\u00fc\u011f\u00fc Bitkisel \u00dcretim ve Bitki Sa\u011fl\u0131\u011f\u0131 \u015eube M\u00fcd\u00fcr\u00fc Arma\u011fan Tanr\u0131kulu, K\u00f6\u015fk \u0130l\u00e7e Tar\u0131m ve Orman M\u00fcd\u00fcr\u00fc Selahattin Serdar Aykut, \u0130l ve \u0130l\u00e7e M\u00fcd\u00fcrl\u00fc\u011f\u00fc teknik personeli, K\u00f6\u015fk Ziraat Odas\u0131 personeli ve tar\u0131m dan\u0131\u015fmanlar\u0131, incir depo ve ihracat\u00e7\u0131lar\u0131 ve incir \u00fcreticileri kat\u0131ld\u0131.<\/p>\n<p>\u00dcreticilere y\u00f6nelik bilgilendirme ve e\u011fitim \u00e7al\u0131\u015fmalar\u0131 Erbeyli \u0130ncir Ara\u015ft\u0131rma Enstit\u00fcs\u00fc ile Ayd\u0131n \u0130l Tar\u0131m ve Orman M\u00fcd\u00fcrl\u00fc\u011f\u00fc i\u015fbirli\u011fi ile bilimsel veriler ve teknik bilgi temelli olarak ger\u00e7ekle\u015ftirildi.<\/p>\n<p>Ger\u00e7ekle\u015fen toplant\u0131da, Bilimsel \u00fcretim teknikleri ve s\u00fcrd\u00fcr\u00fclebilir incir yeti\u015ftiricili\u011fi, Kurutma s\u00fcrecinde \u00fcr\u00fcn kalitesinin korunmas\u0131na y\u00f6nelik uygulamalar, Hastal\u0131k ve zararl\u0131larla m\u00fccadelede do\u011fru y\u00f6ntemler, Verim ve kaliteyi art\u0131rmaya y\u00f6nelik g\u00fcncel teknik yakla\u015f\u0131mlar hakk\u0131nda \u00fcreticilere detayl\u0131 bilgiler verildi. Kaliteli incir \u00fcretiminin en \u00f6nemli a\u015famalar\u0131ndan biri olan ilekleme s\u00fcrecinin do\u011fru uygulanmas\u0131 konusuna da \u00f6zellikle de\u011finildi. Son iki y\u0131lda, incirde s\u00fcrd\u00fcr\u00fclebilir ve kaliteli \u00fcretim materyali sa\u011flanmas\u0131 amac\u0131yla Ayd\u0131n Valili\u011fi destekleriyle ilimizde iki adet ilek bah\u00e7esi tesis edildi. Ger\u00e7ekle\u015ftirilen toplant\u0131da \u00fcreticilerle bilgi payla\u015f\u0131m\u0131 yap\u0131larak, bilimsel \u00fcretim y\u00f6ntemlerinin sahada yayg\u0131nla\u015ft\u0131r\u0131lmas\u0131 ve Ayd\u0131n \u0130nciri\u2019nin kalite standartlar\u0131n\u0131n daha da g\u00fc\u00e7lendirilmesi hedeflendi a\u00e7\u0131kland\u0131.<\/p>\n<p>K\u00f6\u015fk \u0130l\u00e7e Tar\u0131m ve Orman M\u00fcd\u00fcr\u00fc Aykut toplant\u0131 sonras\u0131; &#8220;De\u011ferli uzmanlar\u0131n anlat\u0131m\u0131yla \u2019\u0130ncir Yeti\u015ftiricili\u011fi, Hastal\u0131k ve Zararl\u0131lar\u0131, Depolama, Muhafaza ve G\u0131da G\u00fcvenilirli\u011fi\u2019 konular\u0131nda verimli ge\u00e7en toplant\u0131m\u0131z\u0131 ger\u00e7ekle\u015ftirdik. Yo\u011fun kat\u0131l\u0131m sa\u011flayan ve eme\u011fi ge\u00e7en t\u00fcm herkese te\u015fekk\u00fcr ederiz. \u00dcr\u00fcn\u00fcn\u00fcz bol ve bereketli olsun&#8221; a\u00e7\u0131klamas\u0131nda bulundu.<br \/><\/p>\n","protected":false},"excerpt":{"rendered":"<p>K\u00f6\u015fk \u0130l\u00e7e Tar\u0131m ve Orman M\u00fcd\u00fcrl\u00fc\u011f\u00fc Toplant\u0131 Salonunda &#8220;\u0130ncir Yeti\u015ftiricili\u011fi, Muhafaza ve G\u0131da G\u00fcvenilirli\u011fi E\u011fitimi&#8221; ger\u00e7ekle\u015fti. Avrupa Birli\u011fi co\u011frafi i\u015faret tesciline sahip Ayd\u0131n \u0130ncirinde kalite ve verimlili\u011fi art\u0131rmaya y\u00f6nelik y\u00fcr\u00fct\u00fclen \u00e7al\u0131\u015fmalar kapsam\u0131nda \u00fcreticilerle bulu\u015fmalar devam ediyor. Ayd\u0131n \u0130l genelinde ger\u00e7ekle\u015ftirilen \u00fcretici toplant\u0131lar\u0131n\u0131n bir di\u011fer dura\u011f\u0131 K\u00f6\u015fk il\u00e7esi oldu. K\u00f6\u015fkl\u00fc incir \u00fcreticileri ile ger\u00e7ekle\u015ftirilen toplant\u0131da il\u00e7enin&#8230;<\/p>\n","protected":false},"author":1,"featured_media":93982,"comment_status":"open","ping_status":"open","sticky":false,"template":"","format":"standard","meta":{"_crdt_document":"","footnotes":""},"categories":[1],"tags":[],"class_list":["post-93981","post","type-post","status-publish","format-standard","has-post-thumbnail","hentry","category-guncel"],"_links":{"self":[{"href":"https:\/\/www.egemtv.com\/index.php?rest_route=\/wp\/v2\/posts\/93981","targetHints":{"allow":["GET"]}}],"collection":[{"href":"https:\/\/www.egemtv.com\/index.php?rest_route=\/wp\/v2\/posts"}],"about":[{"href":"https:\/\/www.egemtv.com\/index.php?rest_route=\/wp\/v2\/types\/post"}],"author":[{"embeddable":true,"href":"https:\/\/www.egemtv.com\/index.php?rest_route=\/wp\/v2\/users\/1"}],"replies":[{"embeddable":true,"href":"https:\/\/www.egemtv.com\/index.php?rest_route=%2Fwp%2Fv2%2Fcomments&post=93981"}],"version-history":[{"count":1,"href":"https:\/\/www.egemtv.com\/index.php?rest_route=\/wp\/v2\/posts\/93981\/revisions"}],"predecessor-version":[{"id":93983,"href":"https:\/\/www.egemtv.com\/index.php?rest_route=\/wp\/v2\/posts\/93981\/revisions\/93983"}],"wp:featuredmedia":[{"embeddable":true,"href":"https:\/\/www.egemtv.com\/index.php?rest_route=\/wp\/v2\/media\/93982"}],"wp:attachment":[{"href":"https:\/\/www.egemtv.com\/index.php?rest_route=%2Fwp%2Fv2%2Fmedia&parent=93981"}],"wp:term":[{"taxonomy":"category","embeddable":true,"href":"https:\/\/www.egemtv.com\/index.php?rest_route=%2Fwp%2Fv2%2Fcategories&post=93981"},{"taxonomy":"post_tag","embeddable":true,"href":"https:\/\/www.egemtv.com\/index.php?rest_route=%2Fwp%2Fv2%2Ftags&post=93981"}],"curies":[{"name":"wp","href":"https:\/\/api.w.org\/{rel}","templated":true}]}}