{"id":93978,"date":"2026-03-13T17:14:54","date_gmt":"2026-03-13T14:14:54","guid":{"rendered":"https:\/\/www.egemtv.com\/?p=93978"},"modified":"2026-03-13T17:14:54","modified_gmt":"2026-03-13T14:14:54","slug":"kutoda-yapay-zeka-ile-dijital-pazarlama-konulu-egitim-gerceklestirildi","status":"publish","type":"post","link":"https:\/\/www.egemtv.com\/?p=93978","title":{"rendered":"KUTO\u2019da &#8220;Yapay Zeka ile Dijital Pazarlama&#8221; konulu e\u011fitim ger\u00e7ekle\u015ftirildi"},"content":{"rendered":"<p>Ku\u015fadas\u0131 Ticaret Odas\u0131, \u00fcyelerinin dijital d\u00f6n\u00fc\u015f\u00fcm s\u00fcre\u00e7lerine katk\u0131 sa\u011flamak ve i\u015fletmelerin rekabet g\u00fcc\u00fcn\u00fc art\u0131rmak amac\u0131yla \u00f6nemli bir e\u011fitime daha ev sahipli\u011fi yapt\u0131. &#8220;Yapay Zeka ile Dijital Pazarlama&#8221; konulu strateji, otomasyon ve \u00fcretkenlik e\u011fitimi, 11\u201312 Mart 2026 tarihlerinde Ku\u015fadas\u0131 Ticaret Odas\u0131\u2019nda ger\u00e7ekle\u015ftirildi.<\/p>\n<p>\u0130ki g\u00fcn s\u00fcren e\u011fitim program\u0131nda kat\u0131l\u0131mc\u0131lara, yapay zekan\u0131n dijital pazarlama alan\u0131nda sundu\u011fu yeni imkanlar ve uygulama y\u00f6ntemleri kapsaml\u0131 \u015fekilde aktar\u0131ld\u0131. E\u011fitimin ilk g\u00fcn\u00fcnde yapay zekan\u0131n temel kavramlar\u0131, dijital pazarlamada yapay zekan\u0131n rol\u00fc, prompt m\u00fchendisli\u011fi, yapay zeka destekli i\u00e7erik \u00fcretimi ile g\u00f6rsel ve video i\u00e7erik \u00fcretimi gibi konular ele al\u0131n\u0131rken, ikinci g\u00fcn\u00fcnde ise yapay zeka ile sosyal medya y\u00f6netimi, SEO ve arama motoru pazarlamas\u0131, reklam ve performans pazarlamas\u0131 ile veri analizi ve raporlama ba\u015fl\u0131klar\u0131nda uygulamal\u0131 bilgiler payla\u015f\u0131ld\u0131.<\/p>\n<p>Yo\u011fun ilgiyle ger\u00e7ekle\u015fen e\u011fitimle ilgili Ku\u015fadas\u0131 Ticaret Odas\u0131 y\u00f6netimine te\u015fekk\u00fcr eden kat\u0131l\u0131mc\u0131lar, yapay zekan\u0131n i\u015f s\u00fcre\u00e7lerinde nas\u0131l daha verimli kullan\u0131labilece\u011fine dair g\u00fcncel ara\u00e7 ve y\u00f6ntemler hakk\u0131nda bilgi edinme f\u0131rsat\u0131 bulduklar\u0131n\u0131 dile getirdiler. Ku\u015fadas\u0131 Ticaret Odas\u0131 Y\u00f6netim Kurulu Ba\u015fkan\u0131 Serdar Akdo\u011fan, i\u015fletmelerin dijitalle\u015fme s\u00fcrecine uyum sa\u011flamas\u0131n\u0131n g\u00fcn\u00fcm\u00fczde b\u00fcy\u00fck \u00f6nem ta\u015f\u0131d\u0131\u011f\u0131n\u0131 belirterek, Oda \u00fcyelerinin yeni teknolojilere eri\u015fimini kolayla\u015ft\u0131racak e\u011fitim ve bilgilendirme \u00e7al\u0131\u015fmalar\u0131na devam edeceklerini ifade etti.<br \/><\/p>\n","protected":false},"excerpt":{"rendered":"<p>Ku\u015fadas\u0131 Ticaret Odas\u0131, \u00fcyelerinin dijital d\u00f6n\u00fc\u015f\u00fcm s\u00fcre\u00e7lerine katk\u0131 sa\u011flamak ve i\u015fletmelerin rekabet g\u00fcc\u00fcn\u00fc art\u0131rmak amac\u0131yla \u00f6nemli bir e\u011fitime daha ev sahipli\u011fi yapt\u0131. &#8220;Yapay Zeka ile Dijital Pazarlama&#8221; konulu strateji, otomasyon ve \u00fcretkenlik e\u011fitimi, 11\u201312 Mart 2026 tarihlerinde Ku\u015fadas\u0131 Ticaret Odas\u0131\u2019nda ger\u00e7ekle\u015ftirildi. \u0130ki g\u00fcn s\u00fcren e\u011fitim program\u0131nda kat\u0131l\u0131mc\u0131lara, yapay zekan\u0131n dijital pazarlama alan\u0131nda sundu\u011fu yeni imkanlar&#8230;<\/p>\n","protected":false},"author":1,"featured_media":93979,"comment_status":"open","ping_status":"open","sticky":false,"template":"","format":"standard","meta":{"_crdt_document":"","footnotes":""},"categories":[124],"tags":[],"class_list":["post-93978","post","type-post","status-publish","format-standard","has-post-thumbnail","hentry","category-bilim"],"_links":{"self":[{"href":"https:\/\/www.egemtv.com\/index.php?rest_route=\/wp\/v2\/posts\/93978","targetHints":{"allow":["GET"]}}],"collection":[{"href":"https:\/\/www.egemtv.com\/index.php?rest_route=\/wp\/v2\/posts"}],"about":[{"href":"https:\/\/www.egemtv.com\/index.php?rest_route=\/wp\/v2\/types\/post"}],"author":[{"embeddable":true,"href":"https:\/\/www.egemtv.com\/index.php?rest_route=\/wp\/v2\/users\/1"}],"replies":[{"embeddable":true,"href":"https:\/\/www.egemtv.com\/index.php?rest_route=%2Fwp%2Fv2%2Fcomments&post=93978"}],"version-history":[{"count":1,"href":"https:\/\/www.egemtv.com\/index.php?rest_route=\/wp\/v2\/posts\/93978\/revisions"}],"predecessor-version":[{"id":93980,"href":"https:\/\/www.egemtv.com\/index.php?rest_route=\/wp\/v2\/posts\/93978\/revisions\/93980"}],"wp:featuredmedia":[{"embeddable":true,"href":"https:\/\/www.egemtv.com\/index.php?rest_route=\/wp\/v2\/media\/93979"}],"wp:attachment":[{"href":"https:\/\/www.egemtv.com\/index.php?rest_route=%2Fwp%2Fv2%2Fmedia&parent=93978"}],"wp:term":[{"taxonomy":"category","embeddable":true,"href":"https:\/\/www.egemtv.com\/index.php?rest_route=%2Fwp%2Fv2%2Fcategories&post=93978"},{"taxonomy":"post_tag","embeddable":true,"href":"https:\/\/www.egemtv.com\/index.php?rest_route=%2Fwp%2Fv2%2Ftags&post=93978"}],"curies":[{"name":"wp","href":"https:\/\/api.w.org\/{rel}","templated":true}]}}