{"id":93975,"date":"2026-03-13T16:55:02","date_gmt":"2026-03-13T13:55:02","guid":{"rendered":"https:\/\/www.egemtv.com\/?p=93975"},"modified":"2026-03-13T16:55:03","modified_gmt":"2026-03-13T13:55:03","slug":"baskan-erdogan-kadin-girisimcilerimiz-ekonomimizin-en-guclu-dinamiklerinden-biridir","status":"publish","type":"post","link":"https:\/\/www.egemtv.com\/?p=93975","title":{"rendered":"Ba\u015fkan Erdo\u011fan: &#8220;Kad\u0131n giri\u015fimcilerimiz, ekonomimizin en g\u00fc\u00e7l\u00fc dinamiklerinden biridir&#8221;"},"content":{"rendered":"<p>Denizli Ticaret Odas\u0131 (DTO) Ba\u015fkan\u0131 U\u011fur Erdo\u011fan, D\u00fcnya Kad\u0131nlar G\u00fcn\u00fc dolay\u0131s\u0131yla d\u00fczenledikleri programda kad\u0131nlar\u0131n ekonomik hayattaki rol\u00fcne dikkat \u00e7ekti. DTO\u2019nun ev sahipli\u011finde ger\u00e7ekle\u015ftirilen Kad\u0131nlar G\u00fcn\u00fc\u2019ne \u00f6zel toplant\u0131da konu\u015fan Ba\u015fkan Erdo\u011fan, kad\u0131n giri\u015fimcili\u011finin desteklenmesinin hem \u015fehir hem de \u00fclke ekonomisi a\u00e7\u0131s\u0131ndan b\u00fcy\u00fck \u00f6nem ta\u015f\u0131d\u0131\u011f\u0131n\u0131 vurgulad\u0131.<br \/>\n<br \/>DTO 8 Mat D\u00fcnya Kad\u0131nlar G\u00fcn\u00fc dolay\u0131s\u0131yla etkinlik d\u00fczenledi. Etkinli\u011fin a\u00e7\u0131l\u0131\u015f konu\u015fmas\u0131n\u0131 DTO ba\u015fkan\u0131 U\u011fur Erdo\u011fan yapt\u0131. Denizli Ticaret Odas\u0131 olarak tan\u0131d\u0131klar\u0131 imkan ve ger\u00e7ekle\u015ftirdikleri organizasyonlar ile kad\u0131nlar\u0131n mesleki ve ki\u015fisel geli\u015fimine katk\u0131 sa\u011flad\u0131klar\u0131n\u0131, onlar\u0131 istihdama kazand\u0131rd\u0131klar\u0131n\u0131 ve \u00fclkeye yeni giri\u015fimciler kazand\u0131rd\u0131klar\u0131n\u0131 da anlatan Erdo\u011fan, &#8220;\u00dcreten, geli\u015ftiren ve d\u00fcnyay\u0131 de\u011fi\u015ftiren kad\u0131nlard\u0131r. Daha g\u00fc\u00e7l\u00fc bir ekonomi, daha ayd\u0131nl\u0131k bir gelecek ancak kad\u0131nlar\u0131m\u0131z\u0131n hayata e\u015fit kat\u0131lmalar\u0131yla m\u00fcmk\u00fcnd\u00fcr. Denizli\u2019yi Denizli yapan o g\u00fc\u00e7l\u00fc dokunu\u015fun sahibi kad\u0131nlar\u0131m\u0131za minnettar\u0131z. D\u00fcnya Kad\u0131nlar G\u00fcn\u00fcn\u00fcz kutlu olsun. Bu vesileyle, sizlerle bir araya gelmekten de b\u00fcy\u00fck memnuniyet duyuyoruz. \u00c7ok de\u011ferli han\u0131mefendiler; Ulu \u00d6nderimiz Gazi Mustafa Kemal Atat\u00fcrk, &#8220;D\u00fcnya \u00fczerinde g\u00f6rd\u00fc\u011f\u00fcm\u00fcz her \u015fey, kad\u0131n\u0131n eseridir. Kad\u0131nlar\u0131n\u0131 geri b\u0131rakan toplumlar, geri kalmaya mahk\u00fbmdurlar&#8221; demi\u015ftir. Onun i\u00e7in kad\u0131nlar\u0131m\u0131z\u0131n \u00fcretimde, ticarette ve giri\u015fimcilikte daha aktif rol ald\u0131\u011f\u0131 bir toplum olmal\u0131y\u0131z. Denizli Ticaret Odas\u0131 olarak e\u011fitim programlar\u0131, seminerler, i\u015f d\u00fcnyas\u0131yla bulu\u015fmalar ve projelerimizle, kad\u0131nlar\u0131m\u0131z\u0131n giri\u015fimcilik yolculuklar\u0131na katk\u0131 sa\u011fl\u0131yoruz. Kad\u0131n giri\u015fimcilerimiz i\u00e7in ilham verici ve yol g\u00f6sterici olmaya \u00e7al\u0131\u015f\u0131yoruz&#8221; diye konu\u015ftu.<br \/>\n<br \/>&#8220;Kad\u0131nlar\u0131m\u0131z, i\u015f d\u00fcnyas\u0131nda daha g\u00f6r\u00fcn\u00fcr olmal\u0131lar&#8221;<br \/>\n<br \/>DTO olarak kad\u0131n giri\u015fimcili\u011fini destekleyen \u00e7al\u0131\u015fmalara b\u00fcy\u00fck \u00f6nem verdiklerini de ifade eden Erdo\u011fan, TOBB Denizli \u0130l KGK ile kad\u0131nlar\u0131n i\u015f d\u00fcnyas\u0131nda daha g\u00f6r\u00fcn\u00fcr olmas\u0131, giri\u015fimcilik ekosisteminde daha g\u00fc\u00e7l\u00fc yer almas\u0131 ve yeni f\u0131rsatlara ula\u015fabilmesi i\u00e7in \u00e7e\u015fitli faaliyetler y\u00fcr\u00fctt\u00fcklerini s\u00f6yledi. Kad\u0131n giri\u015fimcilerin e\u011fitimlere, bilgiye ve destek mekanizmalar\u0131na eri\u015fimini art\u0131rmay\u0131 hedeflediklerini de belirterek, &#8220;Kad\u0131nlar\u0131m\u0131z\u0131n giri\u015fimcilik yolculu\u011funda daha g\u00fc\u00e7l\u00fc yer alabilmeleri i\u00e7in e\u011fitimler, seminerler ve \u00e7e\u015fitli projelerle destek olmaya devam ediyoruz. Kad\u0131nlar\u0131n ekonomik hayatta daha g\u00fc\u00e7l\u00fc oldu\u011fu bir Denizli, daha g\u00fc\u00e7l\u00fc bir T\u00fcrkiye demektir&#8221; dedi.<br \/>\n<br \/>&#8220;Kad\u0131nlar, d\u00fcnyan\u0131n ayd\u0131nl\u0131k y\u00fczleridirler&#8221;<br \/>\n<br \/>TOBB Denizli \u0130l KGK Ba\u015fkan\u0131 Ayla Ta\u015f\u00e7\u0131o\u011flu ise bug\u00fcne kadar yapt\u0131klar\u0131 faaliyetlerin bulundu\u011fu bir sunuma da yer verdi\u011fi konu\u015fmas\u0131nda, kad\u0131n giri\u015fimcilerin sadece i\u015f ve i\u015fletmeler kurmad\u0131klar\u0131na ayn\u0131 zamanda daha iyi \u015fartlara kavu\u015fmak i\u00e7in s\u0131k\u00e7a hayaller kurup topluma ilham verdiklerine, hatta risk ald\u0131klar\u0131na ve istihdam olu\u015fturduklar\u0131na de\u011findi. Ta\u015f\u00e7\u0131o\u011flu, kad\u0131nlara &#8220;Hayallerinizden vazge\u00e7meyin. Cesaretinizden \u00f6d\u00fcn vermeyin. Ve asla unutmay\u0131n; birlikte oldu\u011fumuzda \u00e7ok daha g\u00fc\u00e7l\u00fcy\u00fcz&#8221; diye seslendi. Konuklar\u0131n\u0131n D\u00fcnya Kad\u0131nlar G\u00fcn\u00fc\u2019n\u00fc kutlad\u0131. Konu\u015fmas\u0131nda kad\u0131n giri\u015fimcilerin, asl\u0131nda sadece kendi yolunu a\u00e7mad\u0131\u011f\u0131n\u0131 ve arkas\u0131ndan gelecek y\u00fczlerce kad\u0131n\u0131n da yolunu ayd\u0131nlatt\u0131\u011f\u0131n\u0131 da kaydeden Ta\u015f\u00e7\u0131o\u011flu, &#8220;Bug\u00fcn burada yaln\u0131zca bir g\u00fcn\u00fc kutlamak i\u00e7in de\u011fil, bir m\u00fccadelenin, eme\u011fin ve de\u011fi\u015fimin hik\u00e2yesini onurland\u0131rmak i\u00e7in bir araday\u0131z. \u00c7\u00fcnk\u00fc kad\u0131nlar\u0131n hik\u00e2yesi; yaln\u0131zca bireysel ba\u015far\u0131lar\u0131n de\u011fil, toplumlar\u0131n d\u00f6n\u00fc\u015f\u00fcm\u00fcn\u00fcn hik\u00e2yesidir. D\u00fcnya Kad\u0131nlar G\u00fcn\u00fc, bizlere kad\u0131nlar\u0131n tarih boyunca verdi\u011fi e\u015fitlik, hak ve f\u0131rsat m\u00fccadelesini hat\u0131rlatan g\u00fc\u00e7l\u00fc bir g\u00fcnd\u00fcr. Ama ayn\u0131 zamanda gelece\u011fe dair umutlar\u0131m\u0131z\u0131 ve sorumluluklar\u0131m\u0131z\u0131 da hat\u0131rlat\u0131r. Bug\u00fcn biliyoruz ki; kad\u0131nlar\u0131n oldu\u011fu yerde \u00fcretim vard\u0131r. Kad\u0131nlar\u0131n oldu\u011fu yerde yenilik vard\u0131r. Kad\u0131nlar\u0131n oldu\u011fu yerde dayan\u0131\u015fma ve s\u00fcrd\u00fcr\u00fclebilir kalk\u0131nma vard\u0131r. Kad\u0131n giri\u015fimciler, sadece i\u015fletme kurmazlar; hayaller kurar, risk al\u0131r, istihdam olu\u015fturur ve toplumlara ilham verirler. Ancak h\u00e2l\u00e2 a\u015fmam\u0131z gereken engeller oldu\u011funu da biliyoruz. Finansmana eri\u015fimden f\u0131rsat e\u015fitli\u011fine kadar bir\u00e7ok alanda kad\u0131nlar\u0131n daha g\u00fc\u00e7l\u00fc desteklenmesi gerekiyor. \u0130\u015fte tam da bu nedenle, Kad\u0131n Giri\u015fimciler Kurulu olarak bizler; kad\u0131nlar\u0131n ekonomide daha g\u00f6r\u00fcn\u00fcr, daha g\u00fc\u00e7l\u00fc ve daha etkili olmas\u0131 i\u00e7in \u00e7al\u0131\u015fmaya devam ediyoruz. \u00c7\u00fcnk\u00fc \u015funa inan\u0131yoruz. Bir kad\u0131n\u0131n g\u00fc\u00e7lenmesi yaln\u0131zca bir bireyin de\u011fil, bir ailenin, bir toplumun ve bir \u00fclkenin g\u00fc\u00e7lenmesidir. Gelece\u011fi \u015fekillendiren kad\u0131nlar\u0131n say\u0131s\u0131n\u0131n her ge\u00e7en g\u00fcn artt\u0131\u011f\u0131, k\u0131z \u00e7ocuklar\u0131n\u0131n hayallerinin s\u0131n\u0131r tan\u0131mad\u0131\u011f\u0131, f\u0131rsat e\u015fitli\u011finin ger\u00e7ek oldu\u011fu bir d\u00fcnya i\u00e7in hep birlikte \u00e7al\u0131\u015fmaya devam edece\u011fiz. Bu vesileyle ba\u015fta giri\u015fimci kad\u0131nlar\u0131m\u0131z olmak \u00fczere, hayat\u0131n her alan\u0131nda emek veren t\u00fcm kad\u0131nlar\u0131n D\u00fcnya Kad\u0131nlar G\u00fcn\u00fc\u2019n\u00fc kutluyor, daha adil, daha e\u015fit ve daha g\u00fc\u00e7l\u00fc bir gelecek diliyoruz&#8221; diye konu\u015ftu.<br \/><\/p>\n","protected":false},"excerpt":{"rendered":"<p>Denizli Ticaret Odas\u0131 (DTO) Ba\u015fkan\u0131 U\u011fur Erdo\u011fan, D\u00fcnya Kad\u0131nlar G\u00fcn\u00fc dolay\u0131s\u0131yla d\u00fczenledikleri programda kad\u0131nlar\u0131n ekonomik hayattaki rol\u00fcne dikkat \u00e7ekti. DTO\u2019nun ev sahipli\u011finde ger\u00e7ekle\u015ftirilen Kad\u0131nlar G\u00fcn\u00fc\u2019ne \u00f6zel toplant\u0131da konu\u015fan Ba\u015fkan Erdo\u011fan, kad\u0131n giri\u015fimcili\u011finin desteklenmesinin hem \u015fehir hem de \u00fclke ekonomisi a\u00e7\u0131s\u0131ndan b\u00fcy\u00fck \u00f6nem ta\u015f\u0131d\u0131\u011f\u0131n\u0131 vurgulad\u0131. DTO 8 Mat D\u00fcnya Kad\u0131nlar G\u00fcn\u00fc dolay\u0131s\u0131yla etkinlik d\u00fczenledi. Etkinli\u011fin a\u00e7\u0131l\u0131\u015f&#8230;<\/p>\n","protected":false},"author":1,"featured_media":93976,"comment_status":"open","ping_status":"open","sticky":false,"template":"","format":"standard","meta":{"_crdt_document":"","footnotes":""},"categories":[125],"tags":[],"class_list":["post-93975","post","type-post","status-publish","format-standard","has-post-thumbnail","hentry","category-ekonomi"],"_links":{"self":[{"href":"https:\/\/www.egemtv.com\/index.php?rest_route=\/wp\/v2\/posts\/93975","targetHints":{"allow":["GET"]}}],"collection":[{"href":"https:\/\/www.egemtv.com\/index.php?rest_route=\/wp\/v2\/posts"}],"about":[{"href":"https:\/\/www.egemtv.com\/index.php?rest_route=\/wp\/v2\/types\/post"}],"author":[{"embeddable":true,"href":"https:\/\/www.egemtv.com\/index.php?rest_route=\/wp\/v2\/users\/1"}],"replies":[{"embeddable":true,"href":"https:\/\/www.egemtv.com\/index.php?rest_route=%2Fwp%2Fv2%2Fcomments&post=93975"}],"version-history":[{"count":1,"href":"https:\/\/www.egemtv.com\/index.php?rest_route=\/wp\/v2\/posts\/93975\/revisions"}],"predecessor-version":[{"id":93977,"href":"https:\/\/www.egemtv.com\/index.php?rest_route=\/wp\/v2\/posts\/93975\/revisions\/93977"}],"wp:featuredmedia":[{"embeddable":true,"href":"https:\/\/www.egemtv.com\/index.php?rest_route=\/wp\/v2\/media\/93976"}],"wp:attachment":[{"href":"https:\/\/www.egemtv.com\/index.php?rest_route=%2Fwp%2Fv2%2Fmedia&parent=93975"}],"wp:term":[{"taxonomy":"category","embeddable":true,"href":"https:\/\/www.egemtv.com\/index.php?rest_route=%2Fwp%2Fv2%2Fcategories&post=93975"},{"taxonomy":"post_tag","embeddable":true,"href":"https:\/\/www.egemtv.com\/index.php?rest_route=%2Fwp%2Fv2%2Ftags&post=93975"}],"curies":[{"name":"wp","href":"https:\/\/api.w.org\/{rel}","templated":true}]}}