{"id":93972,"date":"2026-03-13T16:55:01","date_gmt":"2026-03-13T13:55:01","guid":{"rendered":"https:\/\/www.egemtv.com\/?p=93972"},"modified":"2026-03-13T16:55:02","modified_gmt":"2026-03-13T13:55:02","slug":"merkezefendi-belediyesi-akkonak-mahallesinde-iftar-sofrasi-kurdu","status":"publish","type":"post","link":"https:\/\/www.egemtv.com\/?p=93972","title":{"rendered":"Merkezefendi Belediyesi Akkonak Mahallesi\u2019nde iftar sofras\u0131 kurdu"},"content":{"rendered":"<p>Merkezefendi Belediyesi, Ramazan ay\u0131n\u0131n birlik ve beraberlik ruhunu ya\u015fatmak amac\u0131yla Akkonak Mahallesi\u2019ndeki vatanda\u015flar\u0131 iftar sofras\u0131nda bir araya getirdi. Merkezefendi Belediye Ba\u015fkan\u0131 \u015eeniz Do\u011fan, &#8220;Bizi yaln\u0131z b\u0131rakmad\u0131\u011f\u0131n\u0131z i\u00e7in, bu g\u00f6n\u00fcl sofralar\u0131n\u0131 birlikte kurdu\u011fumuz i\u00e7in hepinize \u00e7ok te\u015fekk\u00fcr ediyorum&#8221; dedi.<br \/>\n<br \/>Merkezefendi Belediyesi taraf\u0131ndan Akkonak Mahallesi\u2019nde kurulan iftar sofralar\u0131nda y\u00fczlerce vatanda\u015f ayn\u0131 anda oru\u00e7lar\u0131n\u0131 a\u00e7arken, Ramazan ay\u0131n\u0131n bereketi ve payla\u015fma k\u00fclt\u00fcr\u00fc hep birlikte ya\u015fand\u0131. Kom\u015fuluk ve dayan\u0131\u015fma duygular\u0131n\u0131n g\u00fc\u00e7lendi\u011fi programda vatanda\u015flar, ayn\u0131 sofrada bulu\u015fman\u0131n mutlulu\u011funu payla\u015ft\u0131. Akkonak A\u00e7\u0131k Pazar Yeri\u2019nde d\u00fczenlenen iftar program\u0131na mahalle sakinleri yo\u011fun ilgi g\u00f6sterdi.<br \/>\n<br \/>\u0130ftar program\u0131na kat\u0131lan vatanda\u015flar, d\u00fczenlenen organizasyondan duyduklar\u0131 memnuniyeti dile getirerek Merkezefendi Belediyesi\u2019ne te\u015fekk\u00fcr etti.<br \/>\n<br \/>&#8220;Ramazan\u0131n verdi\u011fi o maneviyat\u0131 birlikte ya\u015f\u0131yoruz&#8221;<br \/>\n<br \/>Merkezefendi Belediye Ba\u015fkan\u0131 \u015eeniz Do\u011fan, &#8220;Ramazan\u0131n ruhunu, maneviyat\u0131n\u0131, g\u00fczelli\u011fini mahallelerimizde ya\u015fatmaya devam ediyoruz. O birli\u011fi, Ramazan\u0131n verdi\u011fi o maneviyat\u0131 birlikte ya\u015f\u0131yoruz. Hepinize hay\u0131rl\u0131 Ramazanlar diliyorum. M\u00fcbarek Ramazan Bayram\u0131\u2019nda hem \u00fclkemiz i\u00e7in hem b\u00fct\u00fcn d\u00fcnya i\u00e7in \u00f6ncelikle sa\u011fl\u0131k, mutluluk, bar\u0131\u015f ve huzur getirmesini diliyorum&#8221; diye konu\u015ftu.<br \/>\n<br \/>&#8220;Ba\u015fkan\u0131m\u0131za ve eme\u011fi ge\u00e7enlere te\u015fekk\u00fcr ederim&#8221;<br \/>\n<br \/>Cumhuriyet Halk Partisi Merkezefendi \u0130l\u00e7e Ba\u015fkan\u0131 M\u00fcjdat \u0130lhan, &#8220;Say\u0131n Ba\u015fkan\u0131m\u0131za, de\u011ferli personeline, hay\u0131rsever arkada\u015flar\u0131m\u0131za ve kat\u0131l\u0131m\u0131n\u0131zdan dolay\u0131 sizlere ayr\u0131 ayr\u0131 te\u015fekk\u00fcr ediyorum&#8221; dedi.<br \/><\/p>\n","protected":false},"excerpt":{"rendered":"<p>Merkezefendi Belediyesi, Ramazan ay\u0131n\u0131n birlik ve beraberlik ruhunu ya\u015fatmak amac\u0131yla Akkonak Mahallesi\u2019ndeki vatanda\u015flar\u0131 iftar sofras\u0131nda bir araya getirdi. Merkezefendi Belediye Ba\u015fkan\u0131 \u015eeniz Do\u011fan, &#8220;Bizi yaln\u0131z b\u0131rakmad\u0131\u011f\u0131n\u0131z i\u00e7in, bu g\u00f6n\u00fcl sofralar\u0131n\u0131 birlikte kurdu\u011fumuz i\u00e7in hepinize \u00e7ok te\u015fekk\u00fcr ediyorum&#8221; dedi. Merkezefendi Belediyesi taraf\u0131ndan Akkonak Mahallesi\u2019nde kurulan iftar sofralar\u0131nda y\u00fczlerce vatanda\u015f ayn\u0131 anda oru\u00e7lar\u0131n\u0131 a\u00e7arken, Ramazan ay\u0131n\u0131n bereketi&#8230;<\/p>\n","protected":false},"author":1,"featured_media":93973,"comment_status":"open","ping_status":"open","sticky":false,"template":"","format":"standard","meta":{"_crdt_document":"","footnotes":""},"categories":[1],"tags":[],"class_list":["post-93972","post","type-post","status-publish","format-standard","has-post-thumbnail","hentry","category-guncel"],"_links":{"self":[{"href":"https:\/\/www.egemtv.com\/index.php?rest_route=\/wp\/v2\/posts\/93972","targetHints":{"allow":["GET"]}}],"collection":[{"href":"https:\/\/www.egemtv.com\/index.php?rest_route=\/wp\/v2\/posts"}],"about":[{"href":"https:\/\/www.egemtv.com\/index.php?rest_route=\/wp\/v2\/types\/post"}],"author":[{"embeddable":true,"href":"https:\/\/www.egemtv.com\/index.php?rest_route=\/wp\/v2\/users\/1"}],"replies":[{"embeddable":true,"href":"https:\/\/www.egemtv.com\/index.php?rest_route=%2Fwp%2Fv2%2Fcomments&post=93972"}],"version-history":[{"count":1,"href":"https:\/\/www.egemtv.com\/index.php?rest_route=\/wp\/v2\/posts\/93972\/revisions"}],"predecessor-version":[{"id":93974,"href":"https:\/\/www.egemtv.com\/index.php?rest_route=\/wp\/v2\/posts\/93972\/revisions\/93974"}],"wp:featuredmedia":[{"embeddable":true,"href":"https:\/\/www.egemtv.com\/index.php?rest_route=\/wp\/v2\/media\/93973"}],"wp:attachment":[{"href":"https:\/\/www.egemtv.com\/index.php?rest_route=%2Fwp%2Fv2%2Fmedia&parent=93972"}],"wp:term":[{"taxonomy":"category","embeddable":true,"href":"https:\/\/www.egemtv.com\/index.php?rest_route=%2Fwp%2Fv2%2Fcategories&post=93972"},{"taxonomy":"post_tag","embeddable":true,"href":"https:\/\/www.egemtv.com\/index.php?rest_route=%2Fwp%2Fv2%2Ftags&post=93972"}],"curies":[{"name":"wp","href":"https:\/\/api.w.org\/{rel}","templated":true}]}}