{"id":93969,"date":"2026-03-13T16:55:00","date_gmt":"2026-03-13T13:55:00","guid":{"rendered":"https:\/\/www.egemtv.com\/?p=93969"},"modified":"2026-03-13T16:55:01","modified_gmt":"2026-03-13T13:55:01","slug":"gordesli-ogrencilerden-depremzedelere-gonul-koprusu","status":"publish","type":"post","link":"https:\/\/www.egemtv.com\/?p=93969","title":{"rendered":"G\u00f6rdesli \u00f6\u011frencilerden depremzedelere g\u00f6n\u00fcl k\u00f6pr\u00fcs\u00fc"},"content":{"rendered":"<p>Manisa\u2019n\u0131n G\u00f6rdes il\u00e7esinde &#8220;G\u00f6rdes\u2019ten S\u0131nd\u0131rg\u0131\u2019ya G\u00f6n\u00fcl K\u00f6pr\u00fcs\u00fc&#8221; projesi kapsam\u0131nda haz\u0131rlanan 78 adet Ramazan g\u0131da kolisi, ge\u00e7en y\u0131l meydana gelen depremden etkilenen Bal\u0131kesir\u2019in S\u0131nd\u0131rg\u0131 il\u00e7esindeki konteyner kentte ya\u015fayan vatanda\u015flara ula\u015ft\u0131r\u0131ld\u0131.<br \/>\n<br \/>G\u00f6rdes \u0130l\u00e7e Milli E\u011fitim M\u00fcd\u00fcrl\u00fc\u011f\u00fc, G\u00fcne\u015fli Anadolu Lisesi koordinasyonunda &#8220;Maarifin Kalbinde Ramazan, Ramazan\u2019\u0131n Kalbinde Yard\u0131mla\u015fma&#8221; temas\u0131yla d\u00fczenlenen projede, G\u00f6rdesli \u00f6\u011frenciler ve hay\u0131rseverler el ele verdi. Bal\u0131kesir\u2019in S\u0131nd\u0131rg\u0131 il\u00e7esinde 10 A\u011fustos 2025 tarihinde meydana gelen 6.1 b\u00fcy\u00fckl\u00fc\u011f\u00fcndeki depremden etkilenen ve halen konteyner kentte konaklayan aileler i\u00e7in haz\u0131rlanan yard\u0131m kolileri yola \u00e7\u0131kt\u0131.<br \/>\n<br \/>Yard\u0131m faaliyetine ili\u015fkin a\u00e7\u0131klamalarda bulunan G\u00f6rdes \u0130l\u00e7e Milli E\u011fitim M\u00fcd\u00fcr\u00fc \u0130brahim Co\u015fkun \u00c7elik, depremin izlerini silmek ve Ramazan ay\u0131n\u0131n bereketini payla\u015fmak istediklerini belirtti. \u00c7elik, konu\u015fmas\u0131nda \u015fu ifadelere yer verdi: &#8220;Bal\u0131kesir S\u0131nd\u0131rg\u0131 il\u00e7emizde ge\u00e7en y\u0131l 10 A\u011fustos 2025\u2019te meydana gelen 6.1 b\u00fcy\u00fckl\u00fc\u011f\u00fcndeki deprem felaketinde bir\u00e7ok vatanda\u015f\u0131m\u0131z evsiz kald\u0131 ve konteynerlere yerle\u015ftirildi. \u0130l\u00e7e Milli E\u011fitim M\u00fcd\u00fcrl\u00fc\u011f\u00fcm\u00fcze ba\u011fl\u0131 G\u00fcne\u015fli Anadolu Lisesi koordinasyonunda \u2019Maarifin Kalbinde Ramazan ve Ramazan\u2019\u0131n Kalbinde Yard\u0131mla\u015fma\u2019 temas\u0131yla ilk \u00f6nce S\u0131nd\u0131rg\u0131 \u0130l\u00e7e Milli E\u011fitim M\u00fcd\u00fcrl\u00fc\u011f\u00fc ve S\u0131nd\u0131rg\u0131 \u0130l\u00e7e M\u00fcft\u00fcl\u00fc\u011f\u00fcn\u00fc ziyaret ettik. G\u00f6rdes il\u00e7emizin ge\u00e7mi\u015f olsun dileklerini sunduk. Ard\u0131ndan G\u00fcne\u015fli Lisesi M\u00fcd\u00fcr\u00fc B\u00fcnyamin Orhan ile beraber, ihtiya\u00e7 sahibi depremzedeleri konteynerlerinde ziyaret ederek S\u0131nd\u0131rg\u0131 K\u0131z\u0131lay \u015eubesinin koordinasyonunda yard\u0131m kolilerimizi ula\u015ft\u0131rd\u0131k. Eme\u011fi ge\u00e7en ba\u015fta G\u00fcne\u015fli Lisesi M\u00fcd\u00fcr\u00fc B\u00fcnyamin Orhan olmak \u00fczere okul \u00f6\u011fretmenlerimize, \u00f6\u011frencilerimize ve hay\u0131rseverlerimize bu g\u00fczel \u00f6rnek davran\u0131\u015ftan dolay\u0131 te\u015fekk\u00fcr ediyorum. Rabbim \u00fclkemizi ve milletimizi her t\u00fcrl\u00fc kaza ve belalardan korusun&#8221;<br \/>\n<br \/>G\u00f6rdes\u2019ten gelen yard\u0131mlar, S\u0131nd\u0131rg\u0131 K\u0131z\u0131lay \u015eubesi ekiplerinin rehberli\u011finde belirlenen ihtiya\u00e7 sahiplerine tek tek ula\u015ft\u0131r\u0131ld\u0131. Ramazan ay\u0131 \u00f6ncesi ger\u00e7ekle\u015ftirilen bu anlaml\u0131 ziyaret, depremzede vatanda\u015flar taraf\u0131ndan memnuniyetle kar\u015f\u0131lan\u0131rken, G\u00f6rdesli \u00f6\u011frencilerin bu duyarl\u0131 yakla\u015f\u0131m\u0131 b\u00fcy\u00fck takdir toplad\u0131.<br \/><\/p>\n","protected":false},"excerpt":{"rendered":"<p>Manisa\u2019n\u0131n G\u00f6rdes il\u00e7esinde &#8220;G\u00f6rdes\u2019ten S\u0131nd\u0131rg\u0131\u2019ya G\u00f6n\u00fcl K\u00f6pr\u00fcs\u00fc&#8221; projesi kapsam\u0131nda haz\u0131rlanan 78 adet Ramazan g\u0131da kolisi, ge\u00e7en y\u0131l meydana gelen depremden etkilenen Bal\u0131kesir\u2019in S\u0131nd\u0131rg\u0131 il\u00e7esindeki konteyner kentte ya\u015fayan vatanda\u015flara ula\u015ft\u0131r\u0131ld\u0131. G\u00f6rdes \u0130l\u00e7e Milli E\u011fitim M\u00fcd\u00fcrl\u00fc\u011f\u00fc, G\u00fcne\u015fli Anadolu Lisesi koordinasyonunda &#8220;Maarifin Kalbinde Ramazan, Ramazan\u2019\u0131n Kalbinde Yard\u0131mla\u015fma&#8221; temas\u0131yla d\u00fczenlenen projede, G\u00f6rdesli \u00f6\u011frenciler ve hay\u0131rseverler el ele verdi. Bal\u0131kesir\u2019in&#8230;<\/p>\n","protected":false},"author":1,"featured_media":93970,"comment_status":"open","ping_status":"open","sticky":false,"template":"","format":"standard","meta":{"_crdt_document":"","footnotes":""},"categories":[123],"tags":[],"class_list":["post-93969","post","type-post","status-publish","format-standard","has-post-thumbnail","hentry","category-gundem"],"_links":{"self":[{"href":"https:\/\/www.egemtv.com\/index.php?rest_route=\/wp\/v2\/posts\/93969","targetHints":{"allow":["GET"]}}],"collection":[{"href":"https:\/\/www.egemtv.com\/index.php?rest_route=\/wp\/v2\/posts"}],"about":[{"href":"https:\/\/www.egemtv.com\/index.php?rest_route=\/wp\/v2\/types\/post"}],"author":[{"embeddable":true,"href":"https:\/\/www.egemtv.com\/index.php?rest_route=\/wp\/v2\/users\/1"}],"replies":[{"embeddable":true,"href":"https:\/\/www.egemtv.com\/index.php?rest_route=%2Fwp%2Fv2%2Fcomments&post=93969"}],"version-history":[{"count":1,"href":"https:\/\/www.egemtv.com\/index.php?rest_route=\/wp\/v2\/posts\/93969\/revisions"}],"predecessor-version":[{"id":93971,"href":"https:\/\/www.egemtv.com\/index.php?rest_route=\/wp\/v2\/posts\/93969\/revisions\/93971"}],"wp:featuredmedia":[{"embeddable":true,"href":"https:\/\/www.egemtv.com\/index.php?rest_route=\/wp\/v2\/media\/93970"}],"wp:attachment":[{"href":"https:\/\/www.egemtv.com\/index.php?rest_route=%2Fwp%2Fv2%2Fmedia&parent=93969"}],"wp:term":[{"taxonomy":"category","embeddable":true,"href":"https:\/\/www.egemtv.com\/index.php?rest_route=%2Fwp%2Fv2%2Fcategories&post=93969"},{"taxonomy":"post_tag","embeddable":true,"href":"https:\/\/www.egemtv.com\/index.php?rest_route=%2Fwp%2Fv2%2Ftags&post=93969"}],"curies":[{"name":"wp","href":"https:\/\/api.w.org\/{rel}","templated":true}]}}