{"id":93966,"date":"2026-03-13T16:54:59","date_gmt":"2026-03-13T13:54:59","guid":{"rendered":"https:\/\/www.egemtv.com\/?p=93966"},"modified":"2026-03-13T16:55:00","modified_gmt":"2026-03-13T13:55:00","slug":"isparta-ab-destekli-yerel-iklim-eylemi-projesinde-pilot-il-oldu","status":"publish","type":"post","link":"https:\/\/www.egemtv.com\/?p=93966","title":{"rendered":"Isparta, AB Destekli Yerel \u0130klim Eylemi Projesi\u2019nde pilot il oldu"},"content":{"rendered":"<p>T\u00fcrkiye\u2019de iklim de\u011fi\u015fikli\u011fiyle m\u00fccadele kapsam\u0131nda y\u00fcr\u00fct\u00fclen &#8220;T\u00fcrkiye\u2019de Yerel \u0130klim Eylemi i\u00e7in Avrupa Birli\u011fi Ortakl\u0131\u011f\u0131 Projesi&#8221; \u00e7er\u00e7evesinde Isparta pilot iller aras\u0131nda yer ald\u0131. Proje kapsam\u0131nda y\u00fcr\u00fct\u00fclecek \u00e7al\u0131\u015fmalar\u0131n de\u011ferlendirilmesi amac\u0131yla Isparta Belediyesi\u2019nde d\u00fczenlenen toplant\u0131da Isparta\u2019daki yap\u0131lmas\u0131 planlanan \u00e7al\u0131\u015fmalar ele al\u0131nd\u0131.<br \/>\n<br \/>D\u00fcnyan\u0131n en b\u00fcy\u00fck sorunlar\u0131 aras\u0131nda yer alan iklim de\u011fi\u015fikli\u011fi ile ilgili T\u00fcrkiye\u2019de \u00f6nemli \u00e7al\u0131\u015fmalar yap\u0131l\u0131yor. \u0130klim de\u011fi\u015fikli\u011fi ile m\u00fccadele kapsam\u0131nda hayata ge\u00e7irilen &#8220;T\u00fcrkiye\u2019de Yerel \u0130klim Eylemi i\u00e7in Avrupa Birli\u011fi Ortakl\u0131\u011f\u0131 Projesi&#8221; \u00e7er\u00e7evesinde Isparta pilot iller aras\u0131nda yer ald\u0131. Proje kapsam\u0131nda y\u00fcr\u00fct\u00fclecek \u00e7al\u0131\u015fmalar\u0131n de\u011ferlendirilmesi amac\u0131yla Isparta Belediyesi\u2019nde, \u00f6nemli bir toplant\u0131 ger\u00e7ekle\u015ftirildi. Toplant\u0131ya Birle\u015fmi\u015f Milletler Kalk\u0131nma Program\u0131 T\u00fcrkiye Ofisi temsilcileri kat\u0131ld\u0131. Proje Y\u00f6neticisi Ali Cem Deniz, Proje Asistan\u0131 Altu\u011fcan Oktay, Sera Gaz\u0131 Envanteri Uzman\u0131 R\u0131fat \u00dcnal Sayman ile Isparta Belediyesi Kentsel D\u00f6n\u00fc\u015f\u00fcm M\u00fcd\u00fcr\u00fc Murat Akat ve 21 kamu kurumu temsilcisinin bir araya geldi\u011fi toplant\u0131da, proje kapsam\u0131nda yap\u0131lacak haz\u0131rl\u0131k \u00e7al\u0131\u015fmalar\u0131 ele al\u0131nd\u0131. Ger\u00e7ekle\u015ftirilen toplant\u0131da, Isparta\u2019n\u0131n iklim de\u011fi\u015fikli\u011fine kar\u015f\u0131 daha diren\u00e7li hale gelmesi amac\u0131yla y\u00fcr\u00fct\u00fclecek \u00e7al\u0131\u015fmalar detayl\u0131 \u015fekilde de\u011ferlendirildi. Projenin ba\u015flang\u0131\u00e7 s\u00fcreci, yerel \u00f6l\u00e7ekte uygulanacak uyum ve sera gaz\u0131 azalt\u0131m politikalar\u0131, \u015fehir genelinde haz\u0131rlanacak iklim eylem plan\u0131 ve uzun vadeli yol haritas\u0131 masaya yat\u0131r\u0131ld\u0131.<\/p>\n<p>&#8220;S\u00fcrd\u00fcr\u00fclebilir \u015eehircilik ve \u0130klim Uyum Politikalar\u0131 g\u00fc\u00e7lenecek&#8221;<br \/>\n<br \/>Toplant\u0131da projenin Isparta i\u00e7in \u00f6nemli bir f\u0131rsat sundu\u011fu belirtilirken, \u00f6zellikle \u015fehirdeki sera gaz\u0131 emisyonlar\u0131n\u0131n \u00f6l\u00e7\u00fclmesi, iklim de\u011fi\u015fikli\u011finin yerel etkilerinin analiz edilmesi ve bu do\u011frultuda somut \u00e7\u00f6z\u00fcm \u00f6nerilerinin geli\u015ftirilmesi konular\u0131nda kapsaml\u0131 \u00e7al\u0131\u015fmalar y\u00fcr\u00fct\u00fclecek. Ayr\u0131ca s\u00fcrd\u00fcr\u00fclebilir \u015fehircilik, enerji verimlili\u011fi, \u00e7evre dostu uygulamalar ve iklim uyum politikalar\u0131n\u0131n g\u00fc\u00e7lendirilmesi i\u00e7in kurumlar aras\u0131 i\u015f birli\u011fi art\u0131r\u0131lacak.  Proje sayesinde Isparta\u2019n\u0131n \u00e7evresel s\u00fcrd\u00fcr\u00fclebilirlik alan\u0131nda \u00f6nemli kazan\u0131mlar elde etmesi hedeflenirken, yerel y\u00f6netimlerin iklim de\u011fi\u015fikli\u011fiyle m\u00fccadeledeki rol\u00fcn\u00fcn de g\u00fc\u00e7lendirilmesi ama\u00e7lan\u0131yor. Yap\u0131lacak \u00e7al\u0131\u015fmalarla kentin iklim risklerine kar\u015f\u0131 dayan\u0131kl\u0131l\u0131\u011f\u0131n\u0131n art\u0131r\u0131lmas\u0131, do\u011fal kaynaklar\u0131n daha verimli kullan\u0131lmas\u0131 ve gelecek nesillere daha ya\u015fanabilir bir \u00e7evre b\u0131rak\u0131lmas\u0131 hedefleniyor.<br \/>\n<br \/>Proje y\u00fcr\u00fct\u00fcc\u00fcleri taraf\u0131ndan ileriki s\u00fcre\u00e7te proje kapsam\u0131nda \u00e7e\u015fitli analizlerin yap\u0131laca\u011f\u0131n\u0131, yerel payda\u015flar\u0131n da s\u00fcrece dahil edilerek Isparta\u2019n\u0131n iklim eylem plan\u0131n\u0131n kapsaml\u0131 bir \u015fekilde haz\u0131rlanaca\u011f\u0131n\u0131 belirtildi. B\u00f6ylece Isparta\u2019n\u0131n hem \u00e7evresel s\u00fcrd\u00fcr\u00fclebilirlik hem de iklim de\u011fi\u015fikli\u011fiyle m\u00fccadele konusunda \u00f6rnek \u015fehirlerden biri olmas\u0131 ama\u00e7lan\u0131yor.<br \/><\/p>\n","protected":false},"excerpt":{"rendered":"<p>T\u00fcrkiye\u2019de iklim de\u011fi\u015fikli\u011fiyle m\u00fccadele kapsam\u0131nda y\u00fcr\u00fct\u00fclen &#8220;T\u00fcrkiye\u2019de Yerel \u0130klim Eylemi i\u00e7in Avrupa Birli\u011fi Ortakl\u0131\u011f\u0131 Projesi&#8221; \u00e7er\u00e7evesinde Isparta pilot iller aras\u0131nda yer ald\u0131. Proje kapsam\u0131nda y\u00fcr\u00fct\u00fclecek \u00e7al\u0131\u015fmalar\u0131n de\u011ferlendirilmesi amac\u0131yla Isparta Belediyesi\u2019nde d\u00fczenlenen toplant\u0131da Isparta\u2019daki yap\u0131lmas\u0131 planlanan \u00e7al\u0131\u015fmalar ele al\u0131nd\u0131. D\u00fcnyan\u0131n en b\u00fcy\u00fck sorunlar\u0131 aras\u0131nda yer alan iklim de\u011fi\u015fikli\u011fi ile ilgili T\u00fcrkiye\u2019de \u00f6nemli \u00e7al\u0131\u015fmalar yap\u0131l\u0131yor. \u0130klim de\u011fi\u015fikli\u011fi&#8230;<\/p>\n","protected":false},"author":1,"featured_media":93967,"comment_status":"open","ping_status":"open","sticky":false,"template":"","format":"standard","meta":{"_crdt_document":"","footnotes":""},"categories":[1],"tags":[],"class_list":["post-93966","post","type-post","status-publish","format-standard","has-post-thumbnail","hentry","category-guncel"],"_links":{"self":[{"href":"https:\/\/www.egemtv.com\/index.php?rest_route=\/wp\/v2\/posts\/93966","targetHints":{"allow":["GET"]}}],"collection":[{"href":"https:\/\/www.egemtv.com\/index.php?rest_route=\/wp\/v2\/posts"}],"about":[{"href":"https:\/\/www.egemtv.com\/index.php?rest_route=\/wp\/v2\/types\/post"}],"author":[{"embeddable":true,"href":"https:\/\/www.egemtv.com\/index.php?rest_route=\/wp\/v2\/users\/1"}],"replies":[{"embeddable":true,"href":"https:\/\/www.egemtv.com\/index.php?rest_route=%2Fwp%2Fv2%2Fcomments&post=93966"}],"version-history":[{"count":1,"href":"https:\/\/www.egemtv.com\/index.php?rest_route=\/wp\/v2\/posts\/93966\/revisions"}],"predecessor-version":[{"id":93968,"href":"https:\/\/www.egemtv.com\/index.php?rest_route=\/wp\/v2\/posts\/93966\/revisions\/93968"}],"wp:featuredmedia":[{"embeddable":true,"href":"https:\/\/www.egemtv.com\/index.php?rest_route=\/wp\/v2\/media\/93967"}],"wp:attachment":[{"href":"https:\/\/www.egemtv.com\/index.php?rest_route=%2Fwp%2Fv2%2Fmedia&parent=93966"}],"wp:term":[{"taxonomy":"category","embeddable":true,"href":"https:\/\/www.egemtv.com\/index.php?rest_route=%2Fwp%2Fv2%2Fcategories&post=93966"},{"taxonomy":"post_tag","embeddable":true,"href":"https:\/\/www.egemtv.com\/index.php?rest_route=%2Fwp%2Fv2%2Ftags&post=93966"}],"curies":[{"name":"wp","href":"https:\/\/api.w.org\/{rel}","templated":true}]}}