{"id":93963,"date":"2026-03-13T16:35:43","date_gmt":"2026-03-13T13:35:43","guid":{"rendered":"https:\/\/www.egemtv.com\/?p=93963"},"modified":"2026-03-13T16:35:44","modified_gmt":"2026-03-13T13:35:44","slug":"sosyetenin-iskeleleri-teker-teker-yikildi-turkbuku-sahilinde-buyuk-temizlik","status":"publish","type":"post","link":"https:\/\/www.egemtv.com\/?p=93963","title":{"rendered":"Sosyetenin iskeleleri teker teker y\u0131k\u0131ld\u0131, T\u00fcrkb\u00fck\u00fc sahilinde b\u00fcy\u00fck temizlik"},"content":{"rendered":"<p>Mu\u011fla\u2019n\u0131n Bodrum il\u00e7esinde sosyetenin g\u00f6zbebe\u011fi olarak bilinen T\u00fcrkb\u00fck\u00fc sahilinde ka\u00e7ak yap\u0131lara y\u00f6nelik b\u00fcy\u00fck operasyon yap\u0131ld\u0131. Sabah saatlerinde sahile gelen ekipler, k\u0131y\u0131y\u0131 kapatan ve mahkeme karar\u0131 bulunan iskeleleri tek tek y\u0131kmaya ba\u015flad\u0131.<\/p>\n<p>Bodrum\u2019un en pahal\u0131 ve en g\u00f6zde turizm noktalar\u0131ndan biri olan T\u00fcrkb\u00fck\u00fc Mahallesi\u2019nde, uzun s\u00fcredir tart\u0131\u015fma konusu olan ka\u00e7ak iskeleler i\u00e7in d\u00fc\u011fmeye bas\u0131ld\u0131. Bodrum Kaymakaml\u0131\u011f\u0131 koordinesinde Bodrum Belediyesi, Bodrum B\u00f6lge Liman Ba\u015fkanl\u0131\u011f\u0131 ve Bodrum Milli Emlak M\u00fcd\u00fcrl\u00fc\u011f\u00fc ekipleri sabah\u0131n ilk \u0131\u015f\u0131klar\u0131yla birlikte sahilde topland\u0131.<\/p>\n<p>&#8220;K\u0131y\u0131ya kap\u0131lar, denize bariyerler&#8221;<br \/>\n<br \/>K\u0131y\u0131 Kanunu\u2019na ayk\u0131r\u0131 olarak in\u015fa edildi\u011fi belirlenen ve mahkeme karar\u0131 bulunan ka\u00e7ak iskelelerin y\u0131k\u0131m\u0131 i\u00e7in hem karadan hem denizden operasyon ba\u015flat\u0131ld\u0131. Karadan ula\u015f\u0131lamayan noktalara ise denizden getirilen y\u00fczen platformlar konu\u015fland\u0131r\u0131ld\u0131. Y\u0131k\u0131m s\u0131ras\u0131nda en dikkat \u00e7eken detay ise iskele giri\u015flerine konulan kap\u0131lar ve bariyerler oldu. Vatanda\u015f\u0131n sahile ve denize eri\u015fimini engelleyen yap\u0131lar ekipler taraf\u0131ndan tek tek kald\u0131r\u0131ld\u0131.<\/p>\n<p>&#8220;\u0130\u015fletmeler iskeleleri kendileri s\u00f6kmeye ba\u015flad\u0131&#8221;<br \/>\n<br \/>Y\u0131k\u0131m karar\u0131n\u0131n uygulanmaya ba\u015flamas\u0131yla birlikte baz\u0131 i\u015fletme sahiplerinin de kendi iskelelerini s\u00f6kmeye ba\u015flad\u0131\u011f\u0131 g\u00f6r\u00fcld\u00fc. Sahilde b\u00fcy\u00fck bir hareketlilik ya\u015fan\u0131rken ekipler ka\u00e7ak yap\u0131lar\u0131 ortadan kald\u0131rmak i\u00e7in \u00e7al\u0131\u015fmalar\u0131n\u0131 s\u00fcrd\u00fcrd\u00fc.<\/p>\n<p>&#8220;Dalg\u0131\u00e7lar denizde temizlik yapt\u0131&#8221;<br \/>\n<br \/>Operasyon kapsam\u0131nda sadece sahildeki yap\u0131lar de\u011fil, denizde bulunan tonozlar i\u00e7in de temizlik \u00e7al\u0131\u015fmas\u0131 ba\u015flat\u0131ld\u0131. Dalg\u0131\u00e7lar\u0131n deste\u011fiyle denizdeki tonozlar tek tek temizlendi. B\u00f6lgede y\u0131k\u0131m, s\u00f6k\u00fcm ve tonoz temizli\u011fi \u00e7al\u0131\u015fmalar\u0131 devam ederken baz\u0131 iskeleler ve yap\u0131larla ilgili mahkeme s\u00fcre\u00e7lerinin ise halen devam etti\u011fi \u00f6\u011frenildi.<br \/><\/p>\n","protected":false},"excerpt":{"rendered":"<p>Mu\u011fla\u2019n\u0131n Bodrum il\u00e7esinde sosyetenin g\u00f6zbebe\u011fi olarak bilinen T\u00fcrkb\u00fck\u00fc sahilinde ka\u00e7ak yap\u0131lara y\u00f6nelik b\u00fcy\u00fck operasyon yap\u0131ld\u0131. Sabah saatlerinde sahile gelen ekipler, k\u0131y\u0131y\u0131 kapatan ve mahkeme karar\u0131 bulunan iskeleleri tek tek y\u0131kmaya ba\u015flad\u0131. Bodrum\u2019un en pahal\u0131 ve en g\u00f6zde turizm noktalar\u0131ndan biri olan T\u00fcrkb\u00fck\u00fc Mahallesi\u2019nde, uzun s\u00fcredir tart\u0131\u015fma konusu olan ka\u00e7ak iskeleler i\u00e7in d\u00fc\u011fmeye bas\u0131ld\u0131. Bodrum Kaymakaml\u0131\u011f\u0131&#8230;<\/p>\n","protected":false},"author":1,"featured_media":93964,"comment_status":"open","ping_status":"open","sticky":false,"template":"","format":"standard","meta":{"_crdt_document":"","footnotes":""},"categories":[1],"tags":[],"class_list":["post-93963","post","type-post","status-publish","format-standard","has-post-thumbnail","hentry","category-guncel"],"_links":{"self":[{"href":"https:\/\/www.egemtv.com\/index.php?rest_route=\/wp\/v2\/posts\/93963","targetHints":{"allow":["GET"]}}],"collection":[{"href":"https:\/\/www.egemtv.com\/index.php?rest_route=\/wp\/v2\/posts"}],"about":[{"href":"https:\/\/www.egemtv.com\/index.php?rest_route=\/wp\/v2\/types\/post"}],"author":[{"embeddable":true,"href":"https:\/\/www.egemtv.com\/index.php?rest_route=\/wp\/v2\/users\/1"}],"replies":[{"embeddable":true,"href":"https:\/\/www.egemtv.com\/index.php?rest_route=%2Fwp%2Fv2%2Fcomments&post=93963"}],"version-history":[{"count":1,"href":"https:\/\/www.egemtv.com\/index.php?rest_route=\/wp\/v2\/posts\/93963\/revisions"}],"predecessor-version":[{"id":93965,"href":"https:\/\/www.egemtv.com\/index.php?rest_route=\/wp\/v2\/posts\/93963\/revisions\/93965"}],"wp:featuredmedia":[{"embeddable":true,"href":"https:\/\/www.egemtv.com\/index.php?rest_route=\/wp\/v2\/media\/93964"}],"wp:attachment":[{"href":"https:\/\/www.egemtv.com\/index.php?rest_route=%2Fwp%2Fv2%2Fmedia&parent=93963"}],"wp:term":[{"taxonomy":"category","embeddable":true,"href":"https:\/\/www.egemtv.com\/index.php?rest_route=%2Fwp%2Fv2%2Fcategories&post=93963"},{"taxonomy":"post_tag","embeddable":true,"href":"https:\/\/www.egemtv.com\/index.php?rest_route=%2Fwp%2Fv2%2Ftags&post=93963"}],"curies":[{"name":"wp","href":"https:\/\/api.w.org\/{rel}","templated":true}]}}