{"id":93960,"date":"2026-03-13T16:15:11","date_gmt":"2026-03-13T13:15:11","guid":{"rendered":"https:\/\/www.egemtv.com\/?p=93960"},"modified":"2026-03-13T16:15:12","modified_gmt":"2026-03-13T13:15:12","slug":"muglaspor-teknik-direktoru-durmus-tarihi-yuruyusu-taraftarimizla-beraber-mutlu-sonla-bitirecegiz","status":"publish","type":"post","link":"https:\/\/www.egemtv.com\/?p=93960","title":{"rendered":"Mu\u011flaspor Teknik Direkt\u00f6r\u00fc Durmu\u015f: &#8220;Tarihi y\u00fcr\u00fcy\u00fc\u015f\u00fc taraftar\u0131m\u0131zla beraber mutlu sonla bitirece\u011fiz&#8221;"},"content":{"rendered":"<p>TFF 2. Lig Beyaz Grup\u2019ta \u015fampiyonluk m\u00fccadelesini s\u00fcrd\u00fcren Mu\u011flaspor, zorlu bir virajdan ge\u00e7iyor. Ge\u00e7ti\u011fimiz \u00e7ar\u015famba g\u00fcn\u00fc deplasmanda kar\u015f\u0131la\u015ft\u0131\u011f\u0131 Elaz\u0131\u011fspor\u2019a 1-0 ma\u011flup olarak 19 haftal\u0131k yenilmezlik serisi son bulan ye\u015fil-beyazl\u0131larda, teknik direkt\u00f6r Besim Durmu\u015f hem ma\u011flubiyeti de\u011ferlendirdi hem de hafta sonu oynanacak kritik MKE Ankarag\u00fcc\u00fc ma\u00e7\u0131 \u00f6ncesi taraftara seslendi.<\/p>\n<p>Mu\u011flaspor, ligin y\u00f6n\u00fcn\u00fc belirleyecek ma\u00e7ta bu hafta sonu saat 15.30\u2019da Atat\u00fcrk Stadyumu\u2019nda Ankarag\u00fcc\u00fc\u2019n\u00fc konuk edecek. Yo\u011fun ma\u00e7 trafi\u011finin fiziksel ve zihinsel yorgunluk olu\u015fturdu\u011funu belirten Besim Durmu\u015f, Elaz\u0131\u011fspor ma\u00e7\u0131ndaki performans d\u00fc\u015f\u00fc\u015f\u00fcn\u00fc \u015fu s\u00f6zlerle a\u00e7\u0131klad\u0131:<\/p>\n<p>&#8220;Pazar, \u00c7ar\u015famba, Pazar oynad\u0131\u011f\u0131m\u0131z bir d\u00f6neme girdik. Ge\u00e7en hafta i\u00e7 sahada seyircisiz oynad\u0131\u011f\u0131m\u0131z ma\u00e7ta seyircimizin eksikli\u011fini hissettik. \u00c7ok yorulduk, \u00e7ok yo\u011fun bir ma\u00e7 oldu. Adana ma\u00e7\u0131 bizi \u00e7ok yordu. Akabinde \u00c7ar\u015famba g\u00fcn\u00fc oynad\u0131\u011f\u0131m\u0131z Elaz\u0131\u011f ma\u00e7\u0131 da Adana ma\u00e7\u0131 kadar \u00f6nemli, hatta daha fazlayd\u0131. Elaz\u0131\u011f\u2019a kazanmak i\u00e7in gitmi\u015ftik ama maalesef hafta sonu burada oynad\u0131\u011f\u0131m\u0131z ma\u00e7\u0131n yorgunlu\u011fu olu\u015ftu. Asla bunu mazeret olarak kabul etmiyorum ama tak\u0131m\u0131m\u0131z 19 hafta sonra Elaz\u0131\u011f\u2019da ma\u011flup oldu&#8221;<\/p>\n<p>Ma\u00e7\u0131n teknik analizine de de\u011finen Durmu\u015f, \u00fc\u00e7\u00fcnc\u00fc b\u00f6lgede etkisiz kald\u0131klar\u0131n\u0131 ifade ederek, &#8220;Net pozisyonlar\u0131m\u0131z vard\u0131 ama c\u0131l\u0131z kald\u0131. Belki ilk devrenin sonunda yakalad\u0131\u011f\u0131m\u0131z pozisyonu atsak, ikinci yar\u0131ya daha farkl\u0131 bir momentumla girecektik. Psikolojik yorgunlu\u011fu hissettik, son 20 dakika yasland\u0131k ama puan i\u00e7in yetmedi&#8221; dedi.<\/p>\n<p>&#8220;Hedefimiz Batman\u2019daki birincilik finali&#8221;<br \/>\n<br \/>Ma\u011flubiyete ra\u011fmen moral bozmad\u0131klar\u0131n\u0131 ve hedeflerinin net oldu\u011funu vurgulayan deneyimli teknik adam, taraftar\u0131 trib\u00fcne davet etti:<br \/>\n<br \/>&#8220;19 hafta sonra kaybetmemiz bizi \u00e7ok \u00fczd\u00fc ama hi\u00e7bir \u015fey kaybetmedik. Mu\u011flaspor taraftar\u0131yla, y\u00f6netimiyle \u015fampiyonlu\u011fa do\u011fru y\u00fcr\u00fcyor. Hafta sonu taraftar\u0131m\u0131z\u0131 kesin sahaya bekliyoruz. Ankarag\u00fcc\u00fc de play-off koval\u0131yor, sert bir ma\u00e7 olacak. Bu ma\u00e7\u0131 kazan\u0131p, in\u015fallah iki hafta sonra Batman\u2019da bir birincilik finali oynayaca\u011f\u0131z. O finali y\u00fczde 100 oynamak istiyoruz&#8221;<\/p>\n<p>Besim Durmu\u015f, a\u00e7\u0131klamas\u0131n\u0131 camiaya kenetlenme \u00e7a\u011fr\u0131s\u0131 yaparak noktalad\u0131:<br \/>\n<br \/>&#8220;Tak\u0131m\u0131m\u0131z iyi yoldad\u0131r. Tekrar kazanarak kendimizi affettirece\u011fiz ve yolumuza her zamankinden daha g\u00fc\u00e7l\u00fc bir \u015fekilde devam edece\u011fiz. Bu tarihi y\u00fcr\u00fcy\u00fc\u015f\u00fc taraftar\u0131m\u0131zla beraber, bu \u00e7ocuklar\u0131n sayesinde s\u00fcrd\u00fcr\u00fcp mutlu sona ula\u015faca\u011f\u0131z in\u015fallah&#8221;<br \/><\/p>\n","protected":false},"excerpt":{"rendered":"<p>TFF 2. Lig Beyaz Grup\u2019ta \u015fampiyonluk m\u00fccadelesini s\u00fcrd\u00fcren Mu\u011flaspor, zorlu bir virajdan ge\u00e7iyor. Ge\u00e7ti\u011fimiz \u00e7ar\u015famba g\u00fcn\u00fc deplasmanda kar\u015f\u0131la\u015ft\u0131\u011f\u0131 Elaz\u0131\u011fspor\u2019a 1-0 ma\u011flup olarak 19 haftal\u0131k yenilmezlik serisi son bulan ye\u015fil-beyazl\u0131larda, teknik direkt\u00f6r Besim Durmu\u015f hem ma\u011flubiyeti de\u011ferlendirdi hem de hafta sonu oynanacak kritik MKE Ankarag\u00fcc\u00fc ma\u00e7\u0131 \u00f6ncesi taraftara seslendi. Mu\u011flaspor, ligin y\u00f6n\u00fcn\u00fc belirleyecek ma\u00e7ta bu hafta&#8230;<\/p>\n","protected":false},"author":1,"featured_media":93961,"comment_status":"open","ping_status":"open","sticky":false,"template":"","format":"standard","meta":{"_crdt_document":"","footnotes":""},"categories":[4],"tags":[],"class_list":["post-93960","post","type-post","status-publish","format-standard","has-post-thumbnail","hentry","category-spor"],"_links":{"self":[{"href":"https:\/\/www.egemtv.com\/index.php?rest_route=\/wp\/v2\/posts\/93960","targetHints":{"allow":["GET"]}}],"collection":[{"href":"https:\/\/www.egemtv.com\/index.php?rest_route=\/wp\/v2\/posts"}],"about":[{"href":"https:\/\/www.egemtv.com\/index.php?rest_route=\/wp\/v2\/types\/post"}],"author":[{"embeddable":true,"href":"https:\/\/www.egemtv.com\/index.php?rest_route=\/wp\/v2\/users\/1"}],"replies":[{"embeddable":true,"href":"https:\/\/www.egemtv.com\/index.php?rest_route=%2Fwp%2Fv2%2Fcomments&post=93960"}],"version-history":[{"count":1,"href":"https:\/\/www.egemtv.com\/index.php?rest_route=\/wp\/v2\/posts\/93960\/revisions"}],"predecessor-version":[{"id":93962,"href":"https:\/\/www.egemtv.com\/index.php?rest_route=\/wp\/v2\/posts\/93960\/revisions\/93962"}],"wp:featuredmedia":[{"embeddable":true,"href":"https:\/\/www.egemtv.com\/index.php?rest_route=\/wp\/v2\/media\/93961"}],"wp:attachment":[{"href":"https:\/\/www.egemtv.com\/index.php?rest_route=%2Fwp%2Fv2%2Fmedia&parent=93960"}],"wp:term":[{"taxonomy":"category","embeddable":true,"href":"https:\/\/www.egemtv.com\/index.php?rest_route=%2Fwp%2Fv2%2Fcategories&post=93960"},{"taxonomy":"post_tag","embeddable":true,"href":"https:\/\/www.egemtv.com\/index.php?rest_route=%2Fwp%2Fv2%2Ftags&post=93960"}],"curies":[{"name":"wp","href":"https:\/\/api.w.org\/{rel}","templated":true}]}}