{"id":93957,"date":"2026-03-13T16:15:10","date_gmt":"2026-03-13T13:15:10","guid":{"rendered":"https:\/\/www.egemtv.com\/?p=93957"},"modified":"2026-03-13T16:15:11","modified_gmt":"2026-03-13T13:15:11","slug":"ak-partili-turkmen-ve-subasioglundan-denizlide-eser-siyaseti-turu","status":"publish","type":"post","link":"https:\/\/www.egemtv.com\/?p=93957","title":{"rendered":"AK Partili T\u00fcrkmen ve Suba\u015f\u0131o\u011flu\u2019ndan Denizli\u2019de &#8220;Eser Siyaseti&#8221; turu"},"content":{"rendered":"<p>AK Parti MKYK \u00dcyesi Hilmi T\u00fcrkmen ve AK Parti Denizli \u0130l Ba\u015fkan\u0131 Muhammet Suba\u015f\u0131o\u011flu, Merkezefendi il\u00e7esinde Suba\u015f\u0131o\u011flu\u2019nun belediye ba\u015fkanl\u0131\u011f\u0131 d\u00f6neminde hayata ge\u00e7irilen dev projeleri yerinde inceledi.<br \/>\n<br \/>AK Parti\u2019nin yerel y\u00f6netimlerde de sa\u011flad\u0131\u011f\u0131 \u00fcst\u00fcn ba\u015far\u0131n\u0131n \u00f6rnekleri Denizli sokaklar\u0131nda yank\u0131lan\u0131yor. \u0130l Ba\u015fkan\u0131 Muhammet Suba\u015f\u0131o\u011flu, MKYK \u00dcyesi Hilmi T\u00fcrkmen, \u0130l Ba\u015fkan Yard\u0131mc\u0131s\u0131 ve d\u00f6nemin Belediye Ba\u015fkan Yard\u0131mc\u0131s\u0131 Yusuf G\u00f6rg\u00fc\u00e7; Merkezefendi\u2019nin \u00e7ehresini de\u011fi\u015ftiren yat\u0131r\u0131mlar\u0131 birlikte ar\u015f\u0131nlad\u0131. Heyet; Ornaz Vadisi, Merkez K\u00fct\u00fcphane ve Anadolu \u0130mam Hatip Lisesi projelerini detayl\u0131ca inceledi. K\u00fct\u00fcphanede ders \u00e7al\u0131\u015fan gen\u00e7lerle s\u0131cak bir sohbet ger\u00e7ekle\u015ftirilirken, Ornaz Vadisi\u2019nde de vatanda\u015flar\u0131n yo\u011fun ilgisiyle kar\u015f\u0131la\u015f\u0131ld\u0131.<br \/>\n<br \/>AK Parti Denizli \u0130l Ba\u015fkan\u0131 Muhammet Suba\u015f\u0131o\u011flu, hayata ge\u00e7irilen projelerin sadece birer bina de\u011fil, birer ya\u015fam alan\u0131 ve gelecek vizyonu oldu\u011funu vurgulad\u0131. Suba\u015f\u0131o\u011flu, r\u00f6portaj\u0131nda \u015fu ifadelere yer verdi:  &#8220;Bug\u00fcn burada gezdi\u011fimiz her ta\u015fta, her fidan\u0131m\u0131zda b\u00fcy\u00fck bir emek ve \u2019Denizli sevdas\u0131\u2019 var. Belediye ba\u015fkanl\u0131\u011f\u0131m\u0131z d\u00f6neminde \u2019Yap\u0131lamaz\u2019 denilenleri yapt\u0131k, \u2019Hayal\u2019 denilenleri ger\u00e7e\u011fe d\u00f6n\u00fc\u015ft\u00fcrd\u00fck. Ornaz Vadisi ile insan\u0131m\u0131z\u0131 do\u011fayla bulu\u015ftururken, Merkez K\u00fct\u00fcphanemiz ile gen\u00e7lerimize modern bir \u00e7al\u0131\u015fma alan\u0131 sunduk. Bizim siyaset anlay\u0131\u015f\u0131m\u0131zda \u2019Eser Siyaseti\u2019 esast\u0131r. Bug\u00fcn bu tesislerin hala c\u0131v\u0131l c\u0131v\u0131l olmas\u0131, k\u00fct\u00fcphanemizde gen\u00e7lerimizin gelece\u011fe haz\u0131rlanmas\u0131 bizim i\u00e7in en b\u00fcy\u00fck m\u00fckafatt\u0131r. AK Parti belediyecili\u011fi, \u015fehre m\u00fch\u00fcr vurmak, millete hizmetkar olmakt\u0131r. Bu vizyonu il ba\u015fkanl\u0131\u011f\u0131m\u0131z d\u00f6neminde de t\u00fcm Denizli genelinde ayn\u0131 heyecanla s\u00fcrd\u00fcr\u00fcyoruz.&#8221;<br \/>\n<br \/>Hilmi T\u00fcrkmen\u2019den tam not<br \/>\n<br \/>\u0130ki tecr\u00fcbeli belediyecinin teknik detaylar\u0131 da konu\u015ftu\u011fu gezide, projelerin \u015fehircilik standartlar\u0131n\u0131 ne kadar yukar\u0131 ta\u015f\u0131d\u0131\u011f\u0131 de\u011ferlendirildi. Tesisleri hayranl\u0131kla inceleyen MKYK \u00dcyesi Hilmi T\u00fcrkmen, yap\u0131lan \u00e7al\u0131\u015fmalar\u0131n T\u00fcrkiye genelinde \u00f6rnek te\u015fkil etti\u011fini s\u00f6yledi.<br \/><\/p>\n","protected":false},"excerpt":{"rendered":"<p>AK Parti MKYK \u00dcyesi Hilmi T\u00fcrkmen ve AK Parti Denizli \u0130l Ba\u015fkan\u0131 Muhammet Suba\u015f\u0131o\u011flu, Merkezefendi il\u00e7esinde Suba\u015f\u0131o\u011flu\u2019nun belediye ba\u015fkanl\u0131\u011f\u0131 d\u00f6neminde hayata ge\u00e7irilen dev projeleri yerinde inceledi. AK Parti\u2019nin yerel y\u00f6netimlerde de sa\u011flad\u0131\u011f\u0131 \u00fcst\u00fcn ba\u015far\u0131n\u0131n \u00f6rnekleri Denizli sokaklar\u0131nda yank\u0131lan\u0131yor. \u0130l Ba\u015fkan\u0131 Muhammet Suba\u015f\u0131o\u011flu, MKYK \u00dcyesi Hilmi T\u00fcrkmen, \u0130l Ba\u015fkan Yard\u0131mc\u0131s\u0131 ve d\u00f6nemin Belediye Ba\u015fkan Yard\u0131mc\u0131s\u0131 Yusuf&#8230;<\/p>\n","protected":false},"author":1,"featured_media":93958,"comment_status":"open","ping_status":"open","sticky":false,"template":"","format":"standard","meta":{"_crdt_document":"","footnotes":""},"categories":[127],"tags":[],"class_list":["post-93957","post","type-post","status-publish","format-standard","has-post-thumbnail","hentry","category-siyaset"],"_links":{"self":[{"href":"https:\/\/www.egemtv.com\/index.php?rest_route=\/wp\/v2\/posts\/93957","targetHints":{"allow":["GET"]}}],"collection":[{"href":"https:\/\/www.egemtv.com\/index.php?rest_route=\/wp\/v2\/posts"}],"about":[{"href":"https:\/\/www.egemtv.com\/index.php?rest_route=\/wp\/v2\/types\/post"}],"author":[{"embeddable":true,"href":"https:\/\/www.egemtv.com\/index.php?rest_route=\/wp\/v2\/users\/1"}],"replies":[{"embeddable":true,"href":"https:\/\/www.egemtv.com\/index.php?rest_route=%2Fwp%2Fv2%2Fcomments&post=93957"}],"version-history":[{"count":1,"href":"https:\/\/www.egemtv.com\/index.php?rest_route=\/wp\/v2\/posts\/93957\/revisions"}],"predecessor-version":[{"id":93959,"href":"https:\/\/www.egemtv.com\/index.php?rest_route=\/wp\/v2\/posts\/93957\/revisions\/93959"}],"wp:featuredmedia":[{"embeddable":true,"href":"https:\/\/www.egemtv.com\/index.php?rest_route=\/wp\/v2\/media\/93958"}],"wp:attachment":[{"href":"https:\/\/www.egemtv.com\/index.php?rest_route=%2Fwp%2Fv2%2Fmedia&parent=93957"}],"wp:term":[{"taxonomy":"category","embeddable":true,"href":"https:\/\/www.egemtv.com\/index.php?rest_route=%2Fwp%2Fv2%2Fcategories&post=93957"},{"taxonomy":"post_tag","embeddable":true,"href":"https:\/\/www.egemtv.com\/index.php?rest_route=%2Fwp%2Fv2%2Ftags&post=93957"}],"curies":[{"name":"wp","href":"https:\/\/api.w.org\/{rel}","templated":true}]}}