{"id":93954,"date":"2026-03-13T15:54:57","date_gmt":"2026-03-13T12:54:57","guid":{"rendered":"https:\/\/www.egemtv.com\/?p=93954"},"modified":"2026-03-13T15:54:58","modified_gmt":"2026-03-13T12:54:58","slug":"kutahyasporun-43-bin-bayrak-projesine-ilk-destek-vali-isindan","status":"publish","type":"post","link":"https:\/\/www.egemtv.com\/?p=93954","title":{"rendered":"K\u00fctahyaspor\u2019un &#8220;43 bin bayrak&#8221; projesine ilk destek Vali I\u015f\u0131n\u2019dan"},"content":{"rendered":"<p>TFF 3. Lig 4. Grup\u2019ta \u015fampiyonluk m\u00fccadelesi veren lider K\u00fctahyaspor y\u00f6netimi, taraftarlara destek \u00e7a\u011fr\u0131s\u0131nda bulundu. Y\u00f6netimin &#8220;43 bin bayrak&#8221; projesine ilk deste\u011fi K\u00fctahya Valisi Musa I\u015f\u0131n verirken valilik binas\u0131na K\u00fctahyaspor bayra\u011f\u0131 as\u0131ld\u0131.<br \/>\n<br \/>\u015eampiyonluk yolunda \u00f6nemli bir avantaj yakalad\u0131klar\u0131n\u0131 belirten y\u00f6netim, ba\u015flat\u0131lan projelere daha fazla katk\u0131 beklediklerini ifade etti. Kul\u00fcp Ba\u015fkan\u0131 Osman Alt\u0131nkaya, Ba\u015fkan Vekilleri H\u00fcsamettin Ayd\u0131n ve Levent G\u00fcven, \u015fampiyonluk yolunda \u015fehrin tak\u0131ma daha g\u00fc\u00e7l\u00fc sahip \u00e7\u0131kmas\u0131 gerekti\u011fini bildirdiler.<br \/>\n<br \/>Ba\u015fkan Alt\u0131nkaya, ba\u015flat\u0131lan &#8220;43 bin bayrak&#8221; projesine ilk deste\u011fin Vali Musa I\u015f\u0131n taraf\u0131ndan verildi\u011fini belirterek, ilk bayra\u011f\u0131n da K\u00fctahya Valili\u011fi binas\u0131na as\u0131ld\u0131\u011f\u0131n\u0131 s\u00f6yledi. Alt\u0131nkaya, \u015fehir genelinde mavi-lacivert renklerin hakim olmas\u0131n\u0131 istediklerini ifade ederek, &#8220;\u015eehrin her yerini \u015fampiyonluk yolunda mavi-lacivert renklerle donatmak istiyoruz. Bu y\u00fczden b\u00fct\u00fcn esnaflar\u0131m\u0131zdan ve i\u015f insanlar\u0131m\u0131zdan bu kampanyaya destek olmalar\u0131n\u0131, K\u00fctahya\u2019n\u0131n bir \u015f\u00f6len havas\u0131na b\u00fcr\u00fcnmesini istiyoruz&#8221; dedi.<br \/>\n<br \/>K\u00fctahyaspor Kul\u00fcp Ba\u015fkan Vekili H\u00fcsamettin Ayd\u0131n ise t\u00fcm K\u00fctahya halk\u0131na seslenerek kul\u00fcb\u00fcn hesap numaralar\u0131 \u00fczerinden destek \u00e7a\u011fr\u0131s\u0131nda bulundu. Ayd\u0131n, &#8220;Yery\u00fcz\u00fcnde ya\u015fayan 43 bin K\u00fctahyal\u0131y\u0131 ar\u0131yoruz. Herkesten bin lira destek bekliyoruz. Y\u00f6netim olarak \u00fczerimize d\u00fc\u015fen g\u00f6revleri yerine getirdik. Bundan sonras\u0131 K\u00fctahya halk\u0131n\u0131n&#8221; diye konu\u015ftu.<br \/>\n<br \/>Trib\u00fcn deste\u011finin yetersiz oldu\u011funu da dile getirerek rakip tak\u0131mlar\u0131n taraftarlar\u0131n\u0131n daha fazla bilet ald\u0131\u011f\u0131n\u0131 s\u00f6yleyen H\u00fcsamettin Ayd\u0131n, &#8220;Rakiplerimizin taraftarlar\u0131 fazla bilet al\u0131yor ama ma\u00e7a gelmiyorlar. Biz ise 50-100 liral\u0131k bilet fiyatlar\u0131na ra\u011fmen trib\u00fcnleri dolduram\u0131yoruz. Kimse kusura bakmas\u0131n&#8221; ifadelerini kulland\u0131.<br \/>\n<br \/>Ba\u015fkan Vekili Levent G\u00fcven ise tak\u0131m\u0131n tarihinin en ba\u015far\u0131l\u0131 sezonlar\u0131ndan birini ya\u015fad\u0131\u011f\u0131n\u0131 belirtti. G\u00fcven, son 20 ma\u00e7ta 19 galibiyet ve 1 beraberlik ald\u0131klar\u0131n\u0131 hat\u0131rlatarak, \u015fehirde ayn\u0131 co\u015fkuyu g\u00f6rmek istediklerini s\u00f6yledi.<br \/><\/p>\n","protected":false},"excerpt":{"rendered":"<p>TFF 3. Lig 4. Grup\u2019ta \u015fampiyonluk m\u00fccadelesi veren lider K\u00fctahyaspor y\u00f6netimi, taraftarlara destek \u00e7a\u011fr\u0131s\u0131nda bulundu. Y\u00f6netimin &#8220;43 bin bayrak&#8221; projesine ilk deste\u011fi K\u00fctahya Valisi Musa I\u015f\u0131n verirken valilik binas\u0131na K\u00fctahyaspor bayra\u011f\u0131 as\u0131ld\u0131. \u015eampiyonluk yolunda \u00f6nemli bir avantaj yakalad\u0131klar\u0131n\u0131 belirten y\u00f6netim, ba\u015flat\u0131lan projelere daha fazla katk\u0131 beklediklerini ifade etti. Kul\u00fcp Ba\u015fkan\u0131 Osman Alt\u0131nkaya, Ba\u015fkan Vekilleri H\u00fcsamettin&#8230;<\/p>\n","protected":false},"author":1,"featured_media":93955,"comment_status":"open","ping_status":"open","sticky":false,"template":"","format":"standard","meta":{"_crdt_document":"","footnotes":""},"categories":[4],"tags":[],"class_list":["post-93954","post","type-post","status-publish","format-standard","has-post-thumbnail","hentry","category-spor"],"_links":{"self":[{"href":"https:\/\/www.egemtv.com\/index.php?rest_route=\/wp\/v2\/posts\/93954","targetHints":{"allow":["GET"]}}],"collection":[{"href":"https:\/\/www.egemtv.com\/index.php?rest_route=\/wp\/v2\/posts"}],"about":[{"href":"https:\/\/www.egemtv.com\/index.php?rest_route=\/wp\/v2\/types\/post"}],"author":[{"embeddable":true,"href":"https:\/\/www.egemtv.com\/index.php?rest_route=\/wp\/v2\/users\/1"}],"replies":[{"embeddable":true,"href":"https:\/\/www.egemtv.com\/index.php?rest_route=%2Fwp%2Fv2%2Fcomments&post=93954"}],"version-history":[{"count":1,"href":"https:\/\/www.egemtv.com\/index.php?rest_route=\/wp\/v2\/posts\/93954\/revisions"}],"predecessor-version":[{"id":93956,"href":"https:\/\/www.egemtv.com\/index.php?rest_route=\/wp\/v2\/posts\/93954\/revisions\/93956"}],"wp:featuredmedia":[{"embeddable":true,"href":"https:\/\/www.egemtv.com\/index.php?rest_route=\/wp\/v2\/media\/93955"}],"wp:attachment":[{"href":"https:\/\/www.egemtv.com\/index.php?rest_route=%2Fwp%2Fv2%2Fmedia&parent=93954"}],"wp:term":[{"taxonomy":"category","embeddable":true,"href":"https:\/\/www.egemtv.com\/index.php?rest_route=%2Fwp%2Fv2%2Fcategories&post=93954"},{"taxonomy":"post_tag","embeddable":true,"href":"https:\/\/www.egemtv.com\/index.php?rest_route=%2Fwp%2Fv2%2Ftags&post=93954"}],"curies":[{"name":"wp","href":"https:\/\/api.w.org\/{rel}","templated":true}]}}