{"id":93951,"date":"2026-03-13T15:34:58","date_gmt":"2026-03-13T12:34:58","guid":{"rendered":"https:\/\/www.egemtv.com\/?p=93951"},"modified":"2026-03-13T15:35:00","modified_gmt":"2026-03-13T12:35:00","slug":"copluk-alanda-cikan-yangin-ekipleri-harekete-gecirdi","status":"publish","type":"post","link":"https:\/\/www.egemtv.com\/?p=93951","title":{"rendered":"\u00c7\u00f6pl\u00fck alanda \u00e7\u0131kan yang\u0131n ekipleri harekete ge\u00e7irdi"},"content":{"rendered":"<p>Ayd\u0131n\u2019\u0131n Efeler il\u00e7esinde \u00e7\u00f6pl\u00fck alanda \u00e7\u0131kan yang\u0131n itfaiye ekiplerini harekete ge\u00e7irirken, mahalle sakinleri s\u00fcrekli benzer olay\u0131n ya\u015fand\u0131\u011f\u0131n\u0131 ve dumandan dolay\u0131 rahats\u0131zl\u0131k ya\u015fad\u0131klar\u0131n\u0131 ifade ederek b\u00f6lgenin temizlenmesini istedi.<\/p>\n<p>Olay, Efeler il\u00e7esi Kemer Mahallesi \u00c7ak\u0131rlar Caddesi \u00fczerinde bulunan \u00c7ak\u0131rlar \u00c7ay\u0131\u2019nda meydana geldi. Edinilen bilgiye g\u00f6re, zeytinliklerin bulundu\u011fu b\u00f6lgedeki dere yata\u011f\u0131na d\u00f6k\u00fclen \u00e7\u00f6p ve molozlar, hen\u00fcz bilinmeyen bir nedenle tutu\u015ftu. Olu\u015fan yo\u011fun duman ve kokuyu fark eden mahalle sakinleri durumu 112 Acil \u00c7a\u011fr\u0131 Merkezi\u2019ne bildirdi. \u0130hbar \u00fczerine b\u00f6lgeye polis ve itfaiye ekipleri sevk edildi. K\u0131sa s\u00fcrede b\u00f6lgeye gelen itfaiye ekipleri yang\u0131na m\u00fcdahale ederek, so\u011futma \u00e7al\u0131\u015fmas\u0131 ger\u00e7ekle\u015ftirdi. Mahalle sakinleri ise b\u00f6lgede s\u0131k s\u0131k ayn\u0131 sorunlar\u0131n ya\u015fand\u0131\u011f\u0131n\u0131, duman ve koku sebebiyle evlerinde duramad\u0131klar\u0131n\u0131 ifade ederek yetkililerden \u00e7\u00f6pl\u00fc\u011fe d\u00f6nen alan\u0131n temizlenmesini istedi.<br \/><\/p>\n","protected":false},"excerpt":{"rendered":"<p>Ayd\u0131n\u2019\u0131n Efeler il\u00e7esinde \u00e7\u00f6pl\u00fck alanda \u00e7\u0131kan yang\u0131n itfaiye ekiplerini harekete ge\u00e7irirken, mahalle sakinleri s\u00fcrekli benzer olay\u0131n ya\u015fand\u0131\u011f\u0131n\u0131 ve dumandan dolay\u0131 rahats\u0131zl\u0131k ya\u015fad\u0131klar\u0131n\u0131 ifade ederek b\u00f6lgenin temizlenmesini istedi. Olay, Efeler il\u00e7esi Kemer Mahallesi \u00c7ak\u0131rlar Caddesi \u00fczerinde bulunan \u00c7ak\u0131rlar \u00c7ay\u0131\u2019nda meydana geldi. Edinilen bilgiye g\u00f6re, zeytinliklerin bulundu\u011fu b\u00f6lgedeki dere yata\u011f\u0131na d\u00f6k\u00fclen \u00e7\u00f6p ve molozlar, hen\u00fcz bilinmeyen bir&#8230;<\/p>\n","protected":false},"author":1,"featured_media":93952,"comment_status":"open","ping_status":"open","sticky":false,"template":"","format":"standard","meta":{"_crdt_document":"","footnotes":""},"categories":[5],"tags":[],"class_list":["post-93951","post","type-post","status-publish","format-standard","has-post-thumbnail","hentry","category-asayis"],"_links":{"self":[{"href":"https:\/\/www.egemtv.com\/index.php?rest_route=\/wp\/v2\/posts\/93951","targetHints":{"allow":["GET"]}}],"collection":[{"href":"https:\/\/www.egemtv.com\/index.php?rest_route=\/wp\/v2\/posts"}],"about":[{"href":"https:\/\/www.egemtv.com\/index.php?rest_route=\/wp\/v2\/types\/post"}],"author":[{"embeddable":true,"href":"https:\/\/www.egemtv.com\/index.php?rest_route=\/wp\/v2\/users\/1"}],"replies":[{"embeddable":true,"href":"https:\/\/www.egemtv.com\/index.php?rest_route=%2Fwp%2Fv2%2Fcomments&post=93951"}],"version-history":[{"count":1,"href":"https:\/\/www.egemtv.com\/index.php?rest_route=\/wp\/v2\/posts\/93951\/revisions"}],"predecessor-version":[{"id":93953,"href":"https:\/\/www.egemtv.com\/index.php?rest_route=\/wp\/v2\/posts\/93951\/revisions\/93953"}],"wp:featuredmedia":[{"embeddable":true,"href":"https:\/\/www.egemtv.com\/index.php?rest_route=\/wp\/v2\/media\/93952"}],"wp:attachment":[{"href":"https:\/\/www.egemtv.com\/index.php?rest_route=%2Fwp%2Fv2%2Fmedia&parent=93951"}],"wp:term":[{"taxonomy":"category","embeddable":true,"href":"https:\/\/www.egemtv.com\/index.php?rest_route=%2Fwp%2Fv2%2Fcategories&post=93951"},{"taxonomy":"post_tag","embeddable":true,"href":"https:\/\/www.egemtv.com\/index.php?rest_route=%2Fwp%2Fv2%2Ftags&post=93951"}],"curies":[{"name":"wp","href":"https:\/\/api.w.org\/{rel}","templated":true}]}}