{"id":93948,"date":"2026-03-13T15:34:57","date_gmt":"2026-03-13T12:34:57","guid":{"rendered":"https:\/\/www.egemtv.com\/?p=93948"},"modified":"2026-03-13T15:34:58","modified_gmt":"2026-03-13T12:34:58","slug":"fethiyede-polis-kades-ihbarina-gitti-evden-cephanelik-cikti","status":"publish","type":"post","link":"https:\/\/www.egemtv.com\/?p=93948","title":{"rendered":"Fethiye\u2019de polis KADES ihbar\u0131na gitti, evden cephanelik \u00e7\u0131kt\u0131"},"content":{"rendered":"<p>Mu\u011fla\u2019n\u0131n Fethiye il\u00e7esinde bir kad\u0131n\u0131n KADES uygulamas\u0131 \u00fczerinden yapt\u0131\u011f\u0131 ihbar \u00fczerine harekete ge\u00e7en \u0130l\u00e7e Emniyet M\u00fcd\u00fcrl\u00fc\u011f\u00fc ekipleri, bir evde adeta cephanelik ele ge\u00e7irdi. Olayla ilgili Alman uyruklu bir \u015f\u00fcpheli g\u00f6zalt\u0131na al\u0131narak adliyeye sevk edildi.<\/p>\n<p>Edinilen bilgiye g\u00f6re, 12 Mart 2026 g\u00fcn\u00fc G.B. isimli kad\u0131n \u015fahs\u0131n KADES uygulamas\u0131 \u00fczerinden yard\u0131m talebinde bulunmas\u0131 \u00fczerine Fethiye \u0130l\u00e7e Emniyet M\u00fcd\u00fcrl\u00fc\u011f\u00fc ekipleri Karagedik Mahallesi\u2019nde bulunan ikamete intikal etti. Adreste bulunan G.B., birlikte ya\u015fad\u0131\u011f\u0131 Alman uyruklu G.P.F. isimli \u015fahs\u0131n kendisini darp etti\u011fini ve silah zoruyla evde tuttu\u011funu ifade etti. \u015e\u00fcpheli G.P.F.\u2019nin \u00e7eli\u015fkili ifadeler vermesi \u00fczerine ekipler konuyu detayl\u0131 \u015fekilde ara\u015ft\u0131rd\u0131. Yap\u0131lan incelemelerde ikamette silah olabilece\u011fi bilgisine ula\u015f\u0131lmas\u0131 \u00fczerine Fethiye Cumhuriyet Ba\u015fsavc\u0131l\u0131\u011f\u0131 koordinesinde operasyon d\u00fczenlendi. Fethiye Asayi\u015f B\u00fcro Amirli\u011fi ekiplerince ger\u00e7ekle\u015ftirilen operasyonda evde yap\u0131lan aramalarda, 1 adet otomatik tabanca (Uzi olarak tabir edilen) ve 1 adet \u015farj\u00f6r, 1 adet Maestro ibareli otomatik t\u00fcfek ve 3 adet \u015farj\u00f6r, 1 adet Blow ibareli kurus\u0131k\u0131 tabanca ve \u015farj\u00f6r, 123 adet av t\u00fcfe\u011fi kartu\u015fu, 251 adet 9&#215;19 mm tabanca mermisi, i\u00e7ime haz\u0131r esrar maddesi, 2 gram ham esrar, 1 adet &#8220;Galaix&#8221; ibareli kasatura olarak tabir edilen b\u0131\u00e7ak ele ge\u00e7irildi.<\/p>\n<p>Olayla ilgili \u015f\u00fcpheli G.P.F. hakk\u0131nda 6136 Say\u0131l\u0131 Kanuna Muhalefet, Kasten Yaralama, Ki\u015fiyi H\u00fcrriyetinden Yoksun K\u0131lma ve TCK 191 kapsam\u0131nda adli ve idari i\u015flem ba\u015flat\u0131ld\u0131. Cumhuriyet savc\u0131s\u0131n\u0131n talimat\u0131yla g\u00f6zalt\u0131na al\u0131nan \u015f\u00fcpheli, adliyeye sevk edildi.<br \/><\/p>\n","protected":false},"excerpt":{"rendered":"<p>Mu\u011fla\u2019n\u0131n Fethiye il\u00e7esinde bir kad\u0131n\u0131n KADES uygulamas\u0131 \u00fczerinden yapt\u0131\u011f\u0131 ihbar \u00fczerine harekete ge\u00e7en \u0130l\u00e7e Emniyet M\u00fcd\u00fcrl\u00fc\u011f\u00fc ekipleri, bir evde adeta cephanelik ele ge\u00e7irdi. Olayla ilgili Alman uyruklu bir \u015f\u00fcpheli g\u00f6zalt\u0131na al\u0131narak adliyeye sevk edildi. Edinilen bilgiye g\u00f6re, 12 Mart 2026 g\u00fcn\u00fc G.B. isimli kad\u0131n \u015fahs\u0131n KADES uygulamas\u0131 \u00fczerinden yard\u0131m talebinde bulunmas\u0131 \u00fczerine Fethiye \u0130l\u00e7e Emniyet&#8230;<\/p>\n","protected":false},"author":1,"featured_media":93949,"comment_status":"open","ping_status":"open","sticky":false,"template":"","format":"standard","meta":{"_crdt_document":"","footnotes":""},"categories":[5],"tags":[],"class_list":["post-93948","post","type-post","status-publish","format-standard","has-post-thumbnail","hentry","category-asayis"],"_links":{"self":[{"href":"https:\/\/www.egemtv.com\/index.php?rest_route=\/wp\/v2\/posts\/93948","targetHints":{"allow":["GET"]}}],"collection":[{"href":"https:\/\/www.egemtv.com\/index.php?rest_route=\/wp\/v2\/posts"}],"about":[{"href":"https:\/\/www.egemtv.com\/index.php?rest_route=\/wp\/v2\/types\/post"}],"author":[{"embeddable":true,"href":"https:\/\/www.egemtv.com\/index.php?rest_route=\/wp\/v2\/users\/1"}],"replies":[{"embeddable":true,"href":"https:\/\/www.egemtv.com\/index.php?rest_route=%2Fwp%2Fv2%2Fcomments&post=93948"}],"version-history":[{"count":1,"href":"https:\/\/www.egemtv.com\/index.php?rest_route=\/wp\/v2\/posts\/93948\/revisions"}],"predecessor-version":[{"id":93950,"href":"https:\/\/www.egemtv.com\/index.php?rest_route=\/wp\/v2\/posts\/93948\/revisions\/93950"}],"wp:featuredmedia":[{"embeddable":true,"href":"https:\/\/www.egemtv.com\/index.php?rest_route=\/wp\/v2\/media\/93949"}],"wp:attachment":[{"href":"https:\/\/www.egemtv.com\/index.php?rest_route=%2Fwp%2Fv2%2Fmedia&parent=93948"}],"wp:term":[{"taxonomy":"category","embeddable":true,"href":"https:\/\/www.egemtv.com\/index.php?rest_route=%2Fwp%2Fv2%2Fcategories&post=93948"},{"taxonomy":"post_tag","embeddable":true,"href":"https:\/\/www.egemtv.com\/index.php?rest_route=%2Fwp%2Fv2%2Ftags&post=93948"}],"curies":[{"name":"wp","href":"https:\/\/api.w.org\/{rel}","templated":true}]}}