{"id":93942,"date":"2026-03-13T14:55:06","date_gmt":"2026-03-13T11:55:06","guid":{"rendered":"https:\/\/www.egemtv.com\/?p=93942"},"modified":"2026-03-13T14:55:07","modified_gmt":"2026-03-13T11:55:07","slug":"dso-ab-bilgi-merkezi-dunya-kadinlar-gununde-kadin-ciftcileri-bir-araya-getirdi","status":"publish","type":"post","link":"https:\/\/www.egemtv.com\/?p=93942","title":{"rendered":"DSO AB Bilgi Merkezi, D\u00fcnya Kad\u0131nlar G\u00fcn\u00fc\u2019nde kad\u0131n \u00e7ift\u00e7ileri bir araya getirdi"},"content":{"rendered":"<p>Denizli Sanayi Odas\u0131 AB Bilgi Merkezi taraf\u0131ndan, 8 Mart D\u00fcnya Kad\u0131nlar G\u00fcn\u00fc ve 2026 y\u0131l\u0131 &#8220;Kad\u0131n \u00c7ift\u00e7i Y\u0131l\u0131&#8221; temas\u0131 kapsam\u0131nda d\u00fczenlenen &#8220;Kad\u0131n \u00c7ift\u00e7iler S\u00fcrd\u00fcr\u00fclebilir Gelecek \u0130\u00e7in Bulu\u015fuyor&#8221; etkinli\u011finde kad\u0131n \u00fcreticiler, giri\u015fimciler ve sekt\u00f6r temsilcileri bir araya gelerek tar\u0131mda kad\u0131n eme\u011finin \u00f6nemi ve k\u0131rsal kalk\u0131nmadaki rol\u00fcn\u00fc ele ald\u0131.<br \/>\n<br \/>Tar\u0131m alan\u0131nda faaliyet g\u00f6steren kad\u0131nlar\u0131n bir araya geldi\u011fi etkinlikte, DSO Y\u00f6netim Kurulu \u00dcyesi Levent \u00c7aput\u00e7u, DSO 1. Meslek Grubu (G\u0131da ve \u0130\u00e7ecek) Komite Ba\u015fkan\u0131 Enderay Bozbay, DSO Genel Sekreteri Dr. Sezgi Akba\u015f, Tar\u0131m ve K\u0131rsal Kalk\u0131nmay\u0131 Destekleme Kurumu (TKDK) Denizli \u0130l Koordinat\u00f6r\u00fc Bilal Ta\u015ftepe, \u0130l Tar\u0131m ve Orman M\u00fcd\u00fcrl\u00fc\u011f\u00fc M\u00fcd\u00fcr Yard\u0131mc\u0131s\u0131 \u015eehla Akp\u0131nar ile TOBB Kad\u0131n Giri\u015fimciler Kurulu \u0130l \u0130cra Kurulu Ba\u015fkan\u0131 Ayla Ta\u015f\u00e7\u0131o\u011flu yer ald\u0131.<br \/>\n<br \/>Dokuz Eyl\u00fcl \u00dcniversitesi \u00d6\u011fretim \u00dcyesi Prof. Dr. Ya\u015far Uysal\u2019\u0131n konuk konu\u015fmac\u0131 oldu\u011fu etkinlikte Avrupa Birli\u011fi ve IPARD fonlar\u0131ndan yararlanan veya bu desteklerden faydalanmay\u0131 hedefleyen kad\u0131n \u00e7ift\u00e7iler, kooperatifler ve giri\u015fimciler deneyimlerini payla\u015fma ve iyi uygulamalar\u0131 de\u011ferlendirme f\u0131rsat\u0131 buldu.<br \/>\n<br \/>Kad\u0131n \u00fcreticilerin eme\u011fi tar\u0131ma de\u011fer kat\u0131yor<br \/>\n<br \/>Program\u0131n a\u00e7\u0131l\u0131\u015f konu\u015fmas\u0131n\u0131 yapan DSO Y\u00f6netim Kurulu \u00dcyesi Levent \u00c7aput\u00e7u, tar\u0131m\u0131n s\u00fcrd\u00fcr\u00fclebilirli\u011fi ve k\u0131rsal kalk\u0131nma a\u00e7\u0131s\u0131ndan kad\u0131n eme\u011finin vazge\u00e7ilmez bir g\u00fc\u00e7 oldu\u011funu vurgulayan \u00c7aput\u00e7u, kad\u0131n \u00fcreticilerin ortaya koydu\u011fu eme\u011fin yaln\u0131zca ekonomik de\u011fer olu\u015fturmakla kalmad\u0131\u011f\u0131n\u0131, ayn\u0131 zamanda yerel \u00fcretimin g\u00fc\u00e7lenmesine ve k\u0131rsal b\u00f6lgelerde kalk\u0131nman\u0131n h\u0131z kazanmas\u0131na katk\u0131 sa\u011flad\u0131\u011f\u0131n\u0131 ifade etti. Bu t\u00fcr bulu\u015fmalar\u0131n kad\u0131n eme\u011fini daha g\u00f6r\u00fcn\u00fcr k\u0131ld\u0131\u011f\u0131n\u0131 belirten \u00c7aput\u00e7u, yerelden do\u011fan ba\u015far\u0131 hikayelerinin \u00e7o\u011falmas\u0131na zemin haz\u0131rlad\u0131\u011f\u0131n\u0131 ve kad\u0131n \u00fcreticilerin dayan\u0131\u015fma i\u00e7inde hareket etmesinin \u00fcretimde kaliteyi ve katma de\u011feri art\u0131raca\u011f\u0131n\u0131 s\u00f6yledi.<br \/>\n<br \/>Denizli\u2019nin tar\u0131msal \u00fcretim g\u00fcc\u00fcne de de\u011finen \u00c7aput\u00e7u, 2025 y\u0131l\u0131 itibar\u0131yla bitkisel ve hayvansal \u00fcr\u00fcnler ile a\u011fa\u00e7 ve orman \u00fcr\u00fcnlerini kapsayan tar\u0131m ihracat\u0131n\u0131n 365 milyon dolara ula\u015ft\u0131\u011f\u0131n\u0131 belirterek, bu ba\u015far\u0131n\u0131n arkas\u0131nda kad\u0131nlar\u0131n eme\u011fi, bilgisi ve kararl\u0131l\u0131\u011f\u0131n\u0131n \u00f6nemli bir paya sahip oldu\u011funu vurgulad\u0131. Kad\u0131nlar\u0131n \u00fcretimin farkl\u0131 a\u015famalar\u0131nda \u00fcstlendikleri rol\u00fcn k\u0131rsal kalk\u0131nman\u0131n en g\u00fc\u00e7l\u00fc dayanaklar\u0131ndan biri oldu\u011funu ifade etti.<br \/>\n<br \/>IPARD desteklerinde kad\u0131n \u00fcreticilere \u00f6ncelik<br \/>\n<br \/>TKDK Denizli \u0130l Koordinat\u00f6r\u00fc Bilal Ta\u015ftepe, Denizli\u2019de IPARD Program\u0131 kapsam\u0131nda yat\u0131r\u0131m desteklerinin s\u00fcrd\u00fc\u011f\u00fcn\u00fc belirterek, son d\u00f6nemde programa yo\u011fun bir ba\u015fvuru talebi oldu\u011funu ifade etti. Ba\u015fvurular\u0131n de\u011ferlendirilmesi s\u00fcrecinde kad\u0131n yat\u0131r\u0131mc\u0131lara \u00f6ncelik verildi\u011fini vurgulayan Ta\u015ftepe, hibe destek oranlar\u0131nda yap\u0131lan art\u0131\u015flarla kad\u0131n giri\u015fimcilerin te\u015fvik edildi\u011fini, bu sayede kad\u0131n yat\u0131r\u0131mc\u0131lar\u0131n ve kad\u0131n \u00e7ift\u00e7ilerin yat\u0131r\u0131mlara daha kolay ve etkin \u015fekilde ula\u015fmas\u0131n\u0131n ama\u00e7land\u0131\u011f\u0131n\u0131 s\u00f6yledi.<br \/>\n<br \/>De\u011fi\u015fen D\u00fcnyada tar\u0131m ve kad\u0131nlar\u0131n rol\u00fc<br \/>\n<br \/>Program\u0131n konuk konu\u015fmac\u0131s\u0131, Dokuz Eyl\u00fcl \u00dcniversitesi \u0130ktisadi ve \u0130dari Bilimler Fak\u00fcltesi \u00d6\u011fretim \u00dcyesi Prof. Dr. Ya\u015far Uysal, &#8220;De\u011fi\u015fen D\u00fcnya, De\u011fi\u015fen Tar\u0131m ve Kad\u0131n \u00c7ift\u00e7ilerin Artan \u00d6nemi&#8221; ba\u015fl\u0131kl\u0131 sunumunda, tar\u0131m sekt\u00f6r\u00fcndeki d\u00f6n\u00fc\u015f\u00fcm\u00fcn kad\u0131nlar\u0131n rol\u00fcn\u00fc giderek kritik hale getirdi\u011fini vurgulad\u0131. Uysal, bir \u00fclkenin kalk\u0131nmas\u0131n\u0131n kad\u0131nlar\u0131n toplumsal konumuyla yak\u0131ndan ili\u015fkili oldu\u011funu belirterek, &#8220;Bir toplumun geli\u015fmi\u015flik d\u00fczeyini anlamak i\u00e7in kad\u0131n\u0131n toplumdaki yerine bakmak yeterlidir&#8221; dedi.<br \/>\n<br \/>T\u00fcrkiye\u2019nin tar\u0131msal potansiyelinin yeterince de\u011ferlendirilemedi\u011fini ifade eden Uysal, do\u011fru politikalar ve bilin\u00e7li \u00fcretim anlay\u0131\u015f\u0131yla bu potansiyelin daha etkin kullan\u0131labilece\u011fini s\u00f6yledi. Kad\u0131nlar\u0131n \u00fcretimden t\u00fcketime kadar her a\u015famada daha aktif rol almas\u0131n\u0131n \u00f6nemini vurgulad\u0131. Kad\u0131n \u00e7ift\u00e7ilerin do\u011faya ve \u00fcretime yakla\u015f\u0131m\u0131n\u0131n s\u00fcrd\u00fcr\u00fclebilirli\u011fi destekledi\u011fini ifade etti.<br \/>\n<br \/>Program\u0131n deneyim payla\u015f\u0131m\u0131 b\u00f6l\u00fcm\u00fcnde kad\u0131n \u00e7ift\u00e7iler \u00fcretim s\u00fcre\u00e7lerine ili\u015fkin tecr\u00fcbelerini kat\u0131l\u0131mc\u0131larla aktar\u0131rken, etkinlik kad\u0131n \u00fcreticilerin bir araya gelerek dayan\u0131\u015fma ve bilgi payla\u015f\u0131m\u0131n\u0131 g\u00fc\u00e7lendirdi\u011fi iftar program\u0131 ile sona erdi.<br \/>\n<br \/>AB T\u00fcrkiye Delegasyonu deste\u011fiyle 6-13 Mart tarihleri aras\u0131nda 15 \u015fehirde d\u00fczenlenen bulu\u015fmalar, kad\u0131n \u00e7ift\u00e7ilere deneyimlerini payla\u015fabilecekleri bir platform sunarak k\u0131rsal kalk\u0131nmaya ve s\u00fcrd\u00fcr\u00fclebilir gelece\u011fe katk\u0131 sa\u011flamay\u0131 ama\u00e7l\u0131yor.<br \/><\/p>\n","protected":false},"excerpt":{"rendered":"<p>Denizli Sanayi Odas\u0131 AB Bilgi Merkezi taraf\u0131ndan, 8 Mart D\u00fcnya Kad\u0131nlar G\u00fcn\u00fc ve 2026 y\u0131l\u0131 &#8220;Kad\u0131n \u00c7ift\u00e7i Y\u0131l\u0131&#8221; temas\u0131 kapsam\u0131nda d\u00fczenlenen &#8220;Kad\u0131n \u00c7ift\u00e7iler S\u00fcrd\u00fcr\u00fclebilir Gelecek \u0130\u00e7in Bulu\u015fuyor&#8221; etkinli\u011finde kad\u0131n \u00fcreticiler, giri\u015fimciler ve sekt\u00f6r temsilcileri bir araya gelerek tar\u0131mda kad\u0131n eme\u011finin \u00f6nemi ve k\u0131rsal kalk\u0131nmadaki rol\u00fcn\u00fc ele ald\u0131. Tar\u0131m alan\u0131nda faaliyet g\u00f6steren kad\u0131nlar\u0131n bir araya geldi\u011fi&#8230;<\/p>\n","protected":false},"author":1,"featured_media":93943,"comment_status":"open","ping_status":"open","sticky":false,"template":"","format":"standard","meta":{"_crdt_document":"","footnotes":""},"categories":[125],"tags":[],"class_list":["post-93942","post","type-post","status-publish","format-standard","has-post-thumbnail","hentry","category-ekonomi"],"_links":{"self":[{"href":"https:\/\/www.egemtv.com\/index.php?rest_route=\/wp\/v2\/posts\/93942","targetHints":{"allow":["GET"]}}],"collection":[{"href":"https:\/\/www.egemtv.com\/index.php?rest_route=\/wp\/v2\/posts"}],"about":[{"href":"https:\/\/www.egemtv.com\/index.php?rest_route=\/wp\/v2\/types\/post"}],"author":[{"embeddable":true,"href":"https:\/\/www.egemtv.com\/index.php?rest_route=\/wp\/v2\/users\/1"}],"replies":[{"embeddable":true,"href":"https:\/\/www.egemtv.com\/index.php?rest_route=%2Fwp%2Fv2%2Fcomments&post=93942"}],"version-history":[{"count":1,"href":"https:\/\/www.egemtv.com\/index.php?rest_route=\/wp\/v2\/posts\/93942\/revisions"}],"predecessor-version":[{"id":93944,"href":"https:\/\/www.egemtv.com\/index.php?rest_route=\/wp\/v2\/posts\/93942\/revisions\/93944"}],"wp:featuredmedia":[{"embeddable":true,"href":"https:\/\/www.egemtv.com\/index.php?rest_route=\/wp\/v2\/media\/93943"}],"wp:attachment":[{"href":"https:\/\/www.egemtv.com\/index.php?rest_route=%2Fwp%2Fv2%2Fmedia&parent=93942"}],"wp:term":[{"taxonomy":"category","embeddable":true,"href":"https:\/\/www.egemtv.com\/index.php?rest_route=%2Fwp%2Fv2%2Fcategories&post=93942"},{"taxonomy":"post_tag","embeddable":true,"href":"https:\/\/www.egemtv.com\/index.php?rest_route=%2Fwp%2Fv2%2Ftags&post=93942"}],"curies":[{"name":"wp","href":"https:\/\/api.w.org\/{rel}","templated":true}]}}