{"id":93939,"date":"2026-03-13T14:55:04","date_gmt":"2026-03-13T11:55:04","guid":{"rendered":"https:\/\/www.egemtv.com\/?p=93939"},"modified":"2026-03-13T14:55:05","modified_gmt":"2026-03-13T11:55:05","slug":"deneyap-teknoloji-atolyesi-secmeleri-icin-son-basvuru-tarihi-30-mart","status":"publish","type":"post","link":"https:\/\/www.egemtv.com\/?p=93939","title":{"rendered":"DENEYAP Teknoloji At\u00f6lyesi se\u00e7meleri i\u00e7in son ba\u015fvuru tarihi 30 Mart"},"content":{"rendered":"<p>Milli Teknoloji Hamlesi kapsam\u0131nda y\u00fcr\u00fct\u00fclen DENEYAP Teknoloji At\u00f6lyeleri\u2019nin 2026 \u00d6\u011frenci Se\u00e7me S\u00fcreci ba\u015fvurular\u0131 s\u00fcr\u00fcyor. Teknolojiye ilgi duyan \u00f6\u011frenciler, 30 Mart\u2019a kadar ba\u015fvurarak \u00fccretsiz e\u011fitim program\u0131na kat\u0131lma f\u0131rsat\u0131 yakalayabilecek.<\/p>\n<p>T\u00fcrkiye\u2019nin Milli Teknoloji Hamlesi vizyonuyla hayata ge\u00e7irilen DENEYAP Teknoloji At\u00f6lyeleri kapsam\u0131nda 2026 \u00d6\u011frenci Se\u00e7me S\u00fcreci ba\u015fvurular\u0131 devam ediyor. Sanayi ve Teknoloji Bakanl\u0131\u011f\u0131, Gen\u00e7lik ve Spor Bakanl\u0131\u011f\u0131, T\u00dcB\u0130TAK ve T\u00fcrkiye Teknoloji Tak\u0131m\u0131 Vakf\u0131 (T3 Vakf\u0131) i\u015f birli\u011fiyle y\u00fcr\u00fct\u00fclen program, teknolojiye ilgi duyan gen\u00e7lere \u00f6nemli f\u0131rsatlar sunuyor. T\u00fcrkiye genelinde 81 ilde faaliyet g\u00f6steren 132 DENEYAP Teknoloji At\u00f6lyesi\u2019nde uygulanan &#8220;Gelece\u011fin Teknoloji Y\u0131ld\u0131zlar\u0131 Program\u0131&#8221; ile \u00f6\u011frenciler, 36 ay boyunca tamamen \u00fccretsiz teknoloji e\u011fitimi alarak hayallerini projelere d\u00f6n\u00fc\u015ft\u00fcrme imk\u00e2n\u0131 buluyor. T\u00fcrkiye d\u0131\u015f\u0131nda 4 \u00fclkede de uygulanan program, gen\u00e7lerin analitik d\u00fc\u015f\u00fcnme, problem \u00e7\u00f6zme ve tak\u0131m \u00e7al\u0131\u015fmas\u0131 becerilerini geli\u015ftirmeyi hedefliyor.<\/p>\n<p>2025-2026 e\u011fitim \u00f6\u011fretim y\u0131l\u0131nda 4 ve 5\u2019inci s\u0131n\u0131f, 8 ve 9\u2019uncu s\u0131n\u0131f ile lise haz\u0131rl\u0131k s\u0131n\u0131f\u0131nda e\u011fitim g\u00f6ren \u00f6\u011frenciler, DENEYAP \u00d6\u011frenci Se\u00e7me S\u0131nav\u0131\u2019na ba\u015fvurarak programa dahil olabiliyor. \u00dc\u00e7 a\u015famadan olu\u015fan se\u00e7me s\u00fcrecinde ilk olarak E-S\u0131nav uygulan\u0131yor. Bu a\u015famay\u0131 ba\u015far\u0131yla ge\u00e7en \u00f6\u011frenciler \u00e7evrim i\u00e7i e\u011fitimlerin yer ald\u0131\u011f\u0131 ikinci a\u015famaya kat\u0131l\u0131yor. Son a\u015fama olan uygulama s\u0131nav\u0131nda ise \u00f6\u011frenciler fikirlerini hayata ge\u00e7irme f\u0131rsat\u0131 buluyor. T\u00fcm a\u015famalar\u0131 ba\u015far\u0131yla tamamlayan \u00f6\u011frenciler, DENEYAP Teknoloji At\u00f6lyeleri\u2019nde uzun soluklu e\u011fitim program\u0131na kat\u0131lmaya hak kazan\u0131yor.<br \/>\n<br \/>2026 \u00d6\u011frenci Se\u00e7me S\u00fcreci\u2019ne ba\u015fvurular \u00e7evrim i\u00e7i olarak yap\u0131l\u0131rken, ba\u015fvurular 30 Mart 2026 tarihinde sona erecek. Programa kat\u0131lmak isteyen \u00f6\u011frenciler ba\u015fvuru ve detayl\u0131 bilgilere www.deneyap.org adresinden ve DENEYAP T\u00fcrkiye\u2019nin sosyal medya hesaplar\u0131ndan ula\u015fabilecek.<br \/>\n<br \/>Kuruldu\u011fu g\u00fcnden bu yana binlerce gencin hayat\u0131na dokunan DENEYAP Teknoloji At\u00f6lyeleri, bug\u00fcne kadar 591 bin 977 ba\u015fvuru ald\u0131. Program kapsam\u0131nda 44 bin 615 \u00f6\u011frenci e\u011fitim al\u0131rken, 10 bin 802 \u00f6\u011frenci mezun oldu. Ayr\u0131ca 14 bin 151 e\u011fitmen de gen\u00e7lerin teknoloji yolculu\u011funda destek\u00e7i olarak g\u00f6rev ald\u0131. 2024 y\u0131l\u0131nda 156 bin ba\u015fvuru ile yo\u011fun ilgi g\u00f6ren DENEYAP Teknoloji At\u00f6lyeleri, &#8220;Teknoloji Geli\u015ftiren Bir T\u00fcrkiye&#8221; hedefi do\u011frultusunda gelece\u011fin bilim insanlar\u0131n\u0131, m\u00fchendislerini ve giri\u015fimcilerini yeti\u015ftirmeye devam ediyor.<br \/><\/p>\n","protected":false},"excerpt":{"rendered":"<p>Milli Teknoloji Hamlesi kapsam\u0131nda y\u00fcr\u00fct\u00fclen DENEYAP Teknoloji At\u00f6lyeleri\u2019nin 2026 \u00d6\u011frenci Se\u00e7me S\u00fcreci ba\u015fvurular\u0131 s\u00fcr\u00fcyor. Teknolojiye ilgi duyan \u00f6\u011frenciler, 30 Mart\u2019a kadar ba\u015fvurarak \u00fccretsiz e\u011fitim program\u0131na kat\u0131lma f\u0131rsat\u0131 yakalayabilecek. T\u00fcrkiye\u2019nin Milli Teknoloji Hamlesi vizyonuyla hayata ge\u00e7irilen DENEYAP Teknoloji At\u00f6lyeleri kapsam\u0131nda 2026 \u00d6\u011frenci Se\u00e7me S\u00fcreci ba\u015fvurular\u0131 devam ediyor. Sanayi ve Teknoloji Bakanl\u0131\u011f\u0131, Gen\u00e7lik ve Spor Bakanl\u0131\u011f\u0131, T\u00dcB\u0130TAK&#8230;<\/p>\n","protected":false},"author":1,"featured_media":93940,"comment_status":"open","ping_status":"open","sticky":false,"template":"","format":"standard","meta":{"_crdt_document":"","footnotes":""},"categories":[1],"tags":[],"class_list":["post-93939","post","type-post","status-publish","format-standard","has-post-thumbnail","hentry","category-guncel"],"_links":{"self":[{"href":"https:\/\/www.egemtv.com\/index.php?rest_route=\/wp\/v2\/posts\/93939","targetHints":{"allow":["GET"]}}],"collection":[{"href":"https:\/\/www.egemtv.com\/index.php?rest_route=\/wp\/v2\/posts"}],"about":[{"href":"https:\/\/www.egemtv.com\/index.php?rest_route=\/wp\/v2\/types\/post"}],"author":[{"embeddable":true,"href":"https:\/\/www.egemtv.com\/index.php?rest_route=\/wp\/v2\/users\/1"}],"replies":[{"embeddable":true,"href":"https:\/\/www.egemtv.com\/index.php?rest_route=%2Fwp%2Fv2%2Fcomments&post=93939"}],"version-history":[{"count":1,"href":"https:\/\/www.egemtv.com\/index.php?rest_route=\/wp\/v2\/posts\/93939\/revisions"}],"predecessor-version":[{"id":93941,"href":"https:\/\/www.egemtv.com\/index.php?rest_route=\/wp\/v2\/posts\/93939\/revisions\/93941"}],"wp:featuredmedia":[{"embeddable":true,"href":"https:\/\/www.egemtv.com\/index.php?rest_route=\/wp\/v2\/media\/93940"}],"wp:attachment":[{"href":"https:\/\/www.egemtv.com\/index.php?rest_route=%2Fwp%2Fv2%2Fmedia&parent=93939"}],"wp:term":[{"taxonomy":"category","embeddable":true,"href":"https:\/\/www.egemtv.com\/index.php?rest_route=%2Fwp%2Fv2%2Fcategories&post=93939"},{"taxonomy":"post_tag","embeddable":true,"href":"https:\/\/www.egemtv.com\/index.php?rest_route=%2Fwp%2Fv2%2Ftags&post=93939"}],"curies":[{"name":"wp","href":"https:\/\/api.w.org\/{rel}","templated":true}]}}