{"id":93936,"date":"2026-03-13T14:35:11","date_gmt":"2026-03-13T11:35:11","guid":{"rendered":"https:\/\/www.egemtv.com\/?p=93936"},"modified":"2026-03-13T14:35:12","modified_gmt":"2026-03-13T11:35:12","slug":"bozdoganda-belediyen-yaninda-projesi-ihtiyac-sahibi-vatandaslarin-kapisini-caliyor","status":"publish","type":"post","link":"https:\/\/www.egemtv.com\/?p=93936","title":{"rendered":"Bozdo\u011fan\u2019da &#8220;Belediyen Yan\u0131nda&#8221; projesi, ihtiya\u00e7 sahibi vatanda\u015flar\u0131n kap\u0131s\u0131n\u0131 \u00e7al\u0131yor"},"content":{"rendered":"<p>Bozdo\u011fan Belediyesi, sosyal belediyecilik anlay\u0131\u015f\u0131na yeni bir soluk getiren &#8220;Belediyen Yan\u0131nda&#8221; projesi kapsam\u0131nda Ramazan ay\u0131nda ihtiya\u00e7 sahibi ailelerin kap\u0131s\u0131n\u0131 \u00e7alarak dayan\u0131\u015fma ruhunu g\u00fc\u00e7lendiriyor.<br \/>\n<br \/>Bozdo\u011fan Belediyesi, sosyal belediyecilik anlay\u0131\u015f\u0131 do\u011frultusunda hayata ge\u00e7irdi\u011fi &#8220;Belediyen Yan\u0131nda&#8221; projesi ile il\u00e7edeki ihtiya\u00e7 sahibi vatanda\u015flar\u0131n yan\u0131nda olmaya devam ediyor.<br \/>\n<br \/>K\u00fclt\u00fcr ve Sosyal \u0130\u015fler M\u00fcd\u00fcrl\u00fc\u011f\u00fc b\u00fcnyesinde g\u00f6rev yapan ekipler, Ramazan ay\u0131n\u0131n bereketini payla\u015fmak ve dayan\u0131\u015fma duygusunu g\u00fc\u00e7lendirmek amac\u0131yla haz\u0131rlanan kapsaml\u0131 g\u0131da kolilerini titizlikle ihtiya\u00e7 sahibi ailelere ula\u015ft\u0131r\u0131yor.<br \/>\n<br \/>Bozdo\u011fan Belediyesi sosyal destek ekipleri, il\u00e7enin farkl\u0131 mahallelerinde kap\u0131 kap\u0131 dola\u015farak ihtiya\u00e7 sahibi ailelere ula\u015f\u0131yor.<br \/>\n<br \/>Haz\u0131rlanan g\u0131da kolileri vatanda\u015flar\u0131n evlerine kadar g\u00f6t\u00fcr\u00fcl\u00fcrken, ekipler yard\u0131mlar\u0131 ula\u015ft\u0131r\u0131rken b\u00fcy\u00fck bir hassasiyetle hareket ediyor. Bu ziyaretler s\u0131ras\u0131nda vatanda\u015flar\u0131n talep ve ihtiya\u00e7lar\u0131 da dinlenerek gerekli desteklerin sa\u011flanmas\u0131 i\u00e7in \u00e7al\u0131\u015fmalar s\u00fcrd\u00fcr\u00fcl\u00fcyor.<br \/>\n<br \/>Ramazan ay\u0131n\u0131n payla\u015fma ve yard\u0131mla\u015fma ruhunu il\u00e7ede daha da g\u00fc\u00e7lendiren Bozdo\u011fan Belediyesi, sosyal destek \u00e7al\u0131\u015fmalar\u0131n\u0131 aral\u0131ks\u0131z s\u00fcrd\u00fcr\u00fcyor. Belediye ekipleri, sadece g\u0131da yard\u0131m\u0131 yapmakla kalmay\u0131p ayn\u0131 zamanda vatanda\u015flarla birebir ileti\u015fim kurarak onlar\u0131n yan\u0131nda olduklar\u0131n\u0131 hissettirmeyi ama\u00e7l\u0131yor.<br \/>\n<br \/>Bozdo\u011fan Belediye Ba\u015fkan\u0131 Mustafa Galip \u00d6zel, y\u00fcr\u00fct\u00fclen \u00e7al\u0131\u015fmalarla ilgili yapt\u0131\u011f\u0131 a\u00e7\u0131klamada &#8220;Bozdo\u011fan\u2019da hi\u00e7bir vatanda\u015f\u0131m\u0131z\u0131n kendini yaln\u0131z hissetmesini istemiyoruz. Sosyal belediyecilik anlay\u0131\u015f\u0131yla hayata ge\u00e7irdi\u011fimiz \u2018Belediyen Yan\u0131nda\u2019 projemizle ihtiya\u00e7 sahibi vatanda\u015flar\u0131m\u0131z\u0131n kap\u0131s\u0131n\u0131 \u00e7al\u0131yor, Ramazan ay\u0131n\u0131n bereketini birlikte payla\u015f\u0131yoruz. Dayan\u0131\u015fma ve payla\u015fma k\u00fclt\u00fcr\u00fcm\u00fcz\u00fc b\u00fcy\u00fcterek hem\u015fehrilerimizin yan\u0131nda olmaya devam edece\u011fiz&#8221; dedi.<br \/>\n<br \/>Bozdo\u011fan Belediyesi, &#8220;Belediyen Yan\u0131nda&#8221; anlay\u0131\u015f\u0131yla sosyal destek \u00e7al\u0131\u015fmalar\u0131n\u0131 y\u0131l boyunca s\u00fcrd\u00fcrmeyi hedefliyor.<br \/><\/p>\n","protected":false},"excerpt":{"rendered":"<p>Bozdo\u011fan Belediyesi, sosyal belediyecilik anlay\u0131\u015f\u0131na yeni bir soluk getiren &#8220;Belediyen Yan\u0131nda&#8221; projesi kapsam\u0131nda Ramazan ay\u0131nda ihtiya\u00e7 sahibi ailelerin kap\u0131s\u0131n\u0131 \u00e7alarak dayan\u0131\u015fma ruhunu g\u00fc\u00e7lendiriyor. Bozdo\u011fan Belediyesi, sosyal belediyecilik anlay\u0131\u015f\u0131 do\u011frultusunda hayata ge\u00e7irdi\u011fi &#8220;Belediyen Yan\u0131nda&#8221; projesi ile il\u00e7edeki ihtiya\u00e7 sahibi vatanda\u015flar\u0131n yan\u0131nda olmaya devam ediyor. K\u00fclt\u00fcr ve Sosyal \u0130\u015fler M\u00fcd\u00fcrl\u00fc\u011f\u00fc b\u00fcnyesinde g\u00f6rev yapan ekipler, Ramazan ay\u0131n\u0131n bereketini&#8230;<\/p>\n","protected":false},"author":1,"featured_media":93937,"comment_status":"open","ping_status":"open","sticky":false,"template":"","format":"standard","meta":{"_crdt_document":"","footnotes":""},"categories":[1],"tags":[],"class_list":["post-93936","post","type-post","status-publish","format-standard","has-post-thumbnail","hentry","category-guncel"],"_links":{"self":[{"href":"https:\/\/www.egemtv.com\/index.php?rest_route=\/wp\/v2\/posts\/93936","targetHints":{"allow":["GET"]}}],"collection":[{"href":"https:\/\/www.egemtv.com\/index.php?rest_route=\/wp\/v2\/posts"}],"about":[{"href":"https:\/\/www.egemtv.com\/index.php?rest_route=\/wp\/v2\/types\/post"}],"author":[{"embeddable":true,"href":"https:\/\/www.egemtv.com\/index.php?rest_route=\/wp\/v2\/users\/1"}],"replies":[{"embeddable":true,"href":"https:\/\/www.egemtv.com\/index.php?rest_route=%2Fwp%2Fv2%2Fcomments&post=93936"}],"version-history":[{"count":1,"href":"https:\/\/www.egemtv.com\/index.php?rest_route=\/wp\/v2\/posts\/93936\/revisions"}],"predecessor-version":[{"id":93938,"href":"https:\/\/www.egemtv.com\/index.php?rest_route=\/wp\/v2\/posts\/93936\/revisions\/93938"}],"wp:featuredmedia":[{"embeddable":true,"href":"https:\/\/www.egemtv.com\/index.php?rest_route=\/wp\/v2\/media\/93937"}],"wp:attachment":[{"href":"https:\/\/www.egemtv.com\/index.php?rest_route=%2Fwp%2Fv2%2Fmedia&parent=93936"}],"wp:term":[{"taxonomy":"category","embeddable":true,"href":"https:\/\/www.egemtv.com\/index.php?rest_route=%2Fwp%2Fv2%2Fcategories&post=93936"},{"taxonomy":"post_tag","embeddable":true,"href":"https:\/\/www.egemtv.com\/index.php?rest_route=%2Fwp%2Fv2%2Ftags&post=93936"}],"curies":[{"name":"wp","href":"https:\/\/api.w.org\/{rel}","templated":true}]}}