{"id":93933,"date":"2026-03-13T14:35:10","date_gmt":"2026-03-13T11:35:10","guid":{"rendered":"https:\/\/www.egemtv.com\/?p=93933"},"modified":"2026-03-13T14:35:11","modified_gmt":"2026-03-13T11:35:11","slug":"mevlevi-mukabelesi-buyuledi","status":"publish","type":"post","link":"https:\/\/www.egemtv.com\/?p=93933","title":{"rendered":"Mevlevi mukabelesi b\u00fcy\u00fcledi"},"content":{"rendered":"<p>Yunusemre Belediyesi taraf\u0131ndan Ramazan ay\u0131n\u0131n manevi atmosferine uygun olarak d\u00fczenlenen Mevlevi Mukabelesi (Sema) program\u0131, tasavvuf gelene\u011finin zarafetiyle sanatseverleri bulu\u015fturdu.<br \/>\n<br \/>Yunus Emre K\u00fclt\u00fcr Park\u0131 \u0130rfan Meclisi\u2019nde ger\u00e7ekle\u015ftirilen program, Yunusemre Belediyesi ile Uluslararas\u0131 Mevlana Vakf\u0131 i\u015f birli\u011finde d\u00fczenlendi. Programa Yunusemre Belediye Ba\u015fkan Yard\u0131mc\u0131s\u0131 Hakan G\u00fcrtunca ile \u00e7ok say\u0131da vatanda\u015f kat\u0131ld\u0131.<br \/>\n<br \/>Gecede semazenler taraf\u0131ndan icra edilen sema ayini, izleyiciler taraf\u0131ndan ilgiyle takip edildi. \u0130slam tasavvufunun \u00f6nemli temsilcilerinden Hz. Mevlana\u2019n\u0131n sevgi, ho\u015fg\u00f6r\u00fc ve birlik mesajlar\u0131n\u0131 yans\u0131tan Mevlevi mukabelesi, Ramazan ay\u0131n\u0131n manevi iklimiyle birle\u015ferek kat\u0131l\u0131mc\u0131lara duygu dolu anlar ya\u015fatt\u0131.<br \/>\n<br \/>Program\u0131n sonunda Yunusemre Belediyesi taraf\u0131ndan Manisa\u2019n\u0131n y\u00f6resel lezzetlerinden olan \u00fcz\u00fcml\u00fc sandvi\u00e7 vatanda\u015flara ikram edildi. Ayr\u0131ca Manisa A\u015f\u00e7\u0131lar Derne\u011fi (GASTROMAD) de etkinli\u011fe destek vererek kat\u0131l\u0131mc\u0131lara Ramazan \u015ferbeti da\u011f\u0131tt\u0131.<br \/><\/p>\n","protected":false},"excerpt":{"rendered":"<p>Yunusemre Belediyesi taraf\u0131ndan Ramazan ay\u0131n\u0131n manevi atmosferine uygun olarak d\u00fczenlenen Mevlevi Mukabelesi (Sema) program\u0131, tasavvuf gelene\u011finin zarafetiyle sanatseverleri bulu\u015fturdu. Yunus Emre K\u00fclt\u00fcr Park\u0131 \u0130rfan Meclisi\u2019nde ger\u00e7ekle\u015ftirilen program, Yunusemre Belediyesi ile Uluslararas\u0131 Mevlana Vakf\u0131 i\u015f birli\u011finde d\u00fczenlendi. Programa Yunusemre Belediye Ba\u015fkan Yard\u0131mc\u0131s\u0131 Hakan G\u00fcrtunca ile \u00e7ok say\u0131da vatanda\u015f kat\u0131ld\u0131. Gecede semazenler taraf\u0131ndan icra edilen sema ayini,&#8230;<\/p>\n","protected":false},"author":1,"featured_media":93934,"comment_status":"open","ping_status":"open","sticky":false,"template":"","format":"standard","meta":{"_crdt_document":"","footnotes":""},"categories":[1],"tags":[],"class_list":["post-93933","post","type-post","status-publish","format-standard","has-post-thumbnail","hentry","category-guncel"],"_links":{"self":[{"href":"https:\/\/www.egemtv.com\/index.php?rest_route=\/wp\/v2\/posts\/93933","targetHints":{"allow":["GET"]}}],"collection":[{"href":"https:\/\/www.egemtv.com\/index.php?rest_route=\/wp\/v2\/posts"}],"about":[{"href":"https:\/\/www.egemtv.com\/index.php?rest_route=\/wp\/v2\/types\/post"}],"author":[{"embeddable":true,"href":"https:\/\/www.egemtv.com\/index.php?rest_route=\/wp\/v2\/users\/1"}],"replies":[{"embeddable":true,"href":"https:\/\/www.egemtv.com\/index.php?rest_route=%2Fwp%2Fv2%2Fcomments&post=93933"}],"version-history":[{"count":1,"href":"https:\/\/www.egemtv.com\/index.php?rest_route=\/wp\/v2\/posts\/93933\/revisions"}],"predecessor-version":[{"id":93935,"href":"https:\/\/www.egemtv.com\/index.php?rest_route=\/wp\/v2\/posts\/93933\/revisions\/93935"}],"wp:featuredmedia":[{"embeddable":true,"href":"https:\/\/www.egemtv.com\/index.php?rest_route=\/wp\/v2\/media\/93934"}],"wp:attachment":[{"href":"https:\/\/www.egemtv.com\/index.php?rest_route=%2Fwp%2Fv2%2Fmedia&parent=93933"}],"wp:term":[{"taxonomy":"category","embeddable":true,"href":"https:\/\/www.egemtv.com\/index.php?rest_route=%2Fwp%2Fv2%2Fcategories&post=93933"},{"taxonomy":"post_tag","embeddable":true,"href":"https:\/\/www.egemtv.com\/index.php?rest_route=%2Fwp%2Fv2%2Ftags&post=93933"}],"curies":[{"name":"wp","href":"https:\/\/api.w.org\/{rel}","templated":true}]}}