{"id":93930,"date":"2026-03-13T14:35:08","date_gmt":"2026-03-13T11:35:08","guid":{"rendered":"https:\/\/www.egemtv.com\/?p=93930"},"modified":"2026-03-13T14:35:09","modified_gmt":"2026-03-13T11:35:09","slug":"nazilli-belediyesi-turan-mahallesinde-gonul-sofrasi-kurdu","status":"publish","type":"post","link":"https:\/\/www.egemtv.com\/?p=93930","title":{"rendered":"Nazilli Belediyesi Turan Mahallesi\u2019nde g\u00f6n\u00fcl sofras\u0131 kurdu"},"content":{"rendered":"<p>Nazilli Belediyesi, Ramazan ay\u0131 dolay\u0131s\u0131yla Turan Mahallesi\u2019nde iftar program\u0131 d\u00fczenledi.<\/p>\n<p>Nazilli Belediye Ba\u015fkan\u0131 Dr. Ertu\u011frul Tetik\u2019in ev sahipli\u011finde ger\u00e7ekle\u015ftirilen programa mahalle muhtarlar\u0131, dernek ve sivil toplum kurulu\u015flar\u0131n\u0131n temsilcileri, siyasi parti temsilcileri ve \u00e7ok say\u0131da vatanda\u015f kat\u0131ld\u0131.<\/p>\n<p>\u0130ftar program\u0131 \u00f6ncesinde belediye ekipleri alanda yo\u011fun bir haz\u0131rl\u0131k yapt\u0131. Saatler \u00f6ncesinden iftar alan\u0131na gelen belediye personelleri, masa d\u00fczeninden yemek haz\u0131rl\u0131\u011f\u0131na kadar t\u00fcm detaylarla ilgilendi. Yemek da\u011f\u0131t\u0131m\u0131 s\u0131ras\u0131nda \u00f6zellikle ya\u015fl\u0131lar, hamileler ve \u00e7ocuklara \u00f6ncelik verilerek servis yap\u0131lmas\u0131 dikkat \u00e7ekti.<\/p>\n<p>Ak\u015fam ezan\u0131n\u0131n okunmas\u0131yla birlikte vatanda\u015flar ayn\u0131 sofrada oru\u00e7lar\u0131n\u0131 a\u00e7arken, Turan Mahallesi\u2019nde Ramazan\u2019\u0131n birlik ve beraberlik ruhu ya\u015fand\u0131. \u0130ftar program\u0131na kat\u0131lan vatanda\u015flar, kendileri i\u00e7in haz\u0131rlanan sofralarda bir araya gelerek hem iftar yapt\u0131 hem de sohbet etme f\u0131rsat\u0131 buldu.<\/p>\n<p>Program boyunca iftar sofralar\u0131n\u0131 tek tek dola\u015fan Nazilli Belediye Ba\u015fkan\u0131 Dr. Ertu\u011frul Tetik, vatanda\u015flarla sohbet ederek taleplerini ve g\u00f6r\u00fc\u015flerini dinledi. Ramazan ay\u0131n\u0131n payla\u015fma ve dayan\u0131\u015fma ay\u0131 oldu\u011funu belirten Tetik, bu t\u00fcr organizasyonlar\u0131n toplumun birlik ve beraberli\u011fini g\u00fc\u00e7lendirdi\u011fini ifade etti.<br \/><\/p>\n","protected":false},"excerpt":{"rendered":"<p>Nazilli Belediyesi, Ramazan ay\u0131 dolay\u0131s\u0131yla Turan Mahallesi\u2019nde iftar program\u0131 d\u00fczenledi. Nazilli Belediye Ba\u015fkan\u0131 Dr. Ertu\u011frul Tetik\u2019in ev sahipli\u011finde ger\u00e7ekle\u015ftirilen programa mahalle muhtarlar\u0131, dernek ve sivil toplum kurulu\u015flar\u0131n\u0131n temsilcileri, siyasi parti temsilcileri ve \u00e7ok say\u0131da vatanda\u015f kat\u0131ld\u0131. \u0130ftar program\u0131 \u00f6ncesinde belediye ekipleri alanda yo\u011fun bir haz\u0131rl\u0131k yapt\u0131. Saatler \u00f6ncesinden iftar alan\u0131na gelen belediye personelleri, masa d\u00fczeninden&#8230;<\/p>\n","protected":false},"author":1,"featured_media":93931,"comment_status":"open","ping_status":"open","sticky":false,"template":"","format":"standard","meta":{"_crdt_document":"","footnotes":""},"categories":[1],"tags":[],"class_list":["post-93930","post","type-post","status-publish","format-standard","has-post-thumbnail","hentry","category-guncel"],"_links":{"self":[{"href":"https:\/\/www.egemtv.com\/index.php?rest_route=\/wp\/v2\/posts\/93930","targetHints":{"allow":["GET"]}}],"collection":[{"href":"https:\/\/www.egemtv.com\/index.php?rest_route=\/wp\/v2\/posts"}],"about":[{"href":"https:\/\/www.egemtv.com\/index.php?rest_route=\/wp\/v2\/types\/post"}],"author":[{"embeddable":true,"href":"https:\/\/www.egemtv.com\/index.php?rest_route=\/wp\/v2\/users\/1"}],"replies":[{"embeddable":true,"href":"https:\/\/www.egemtv.com\/index.php?rest_route=%2Fwp%2Fv2%2Fcomments&post=93930"}],"version-history":[{"count":1,"href":"https:\/\/www.egemtv.com\/index.php?rest_route=\/wp\/v2\/posts\/93930\/revisions"}],"predecessor-version":[{"id":93932,"href":"https:\/\/www.egemtv.com\/index.php?rest_route=\/wp\/v2\/posts\/93930\/revisions\/93932"}],"wp:featuredmedia":[{"embeddable":true,"href":"https:\/\/www.egemtv.com\/index.php?rest_route=\/wp\/v2\/media\/93931"}],"wp:attachment":[{"href":"https:\/\/www.egemtv.com\/index.php?rest_route=%2Fwp%2Fv2%2Fmedia&parent=93930"}],"wp:term":[{"taxonomy":"category","embeddable":true,"href":"https:\/\/www.egemtv.com\/index.php?rest_route=%2Fwp%2Fv2%2Fcategories&post=93930"},{"taxonomy":"post_tag","embeddable":true,"href":"https:\/\/www.egemtv.com\/index.php?rest_route=%2Fwp%2Fv2%2Ftags&post=93930"}],"curies":[{"name":"wp","href":"https:\/\/api.w.org\/{rel}","templated":true}]}}