{"id":93927,"date":"2026-03-13T14:35:07","date_gmt":"2026-03-13T11:35:07","guid":{"rendered":"https:\/\/www.egemtv.com\/?p=93927"},"modified":"2026-03-13T14:35:08","modified_gmt":"2026-03-13T11:35:08","slug":"manisa-tsoda-ihracatcilar-bilgilendirildi","status":"publish","type":"post","link":"https:\/\/www.egemtv.com\/?p=93927","title":{"rendered":"Manisa TSO\u2019da ihracat\u00e7\u0131lar bilgilendirildi"},"content":{"rendered":"<p>Manisa\u2019da d\u00fczenlenen e\u011fitim program\u0131nda ihracat\u00e7\u0131 firmalara, Pan Avrupa Akdeniz Men\u015fe K\u00fcm\u00fclasyon Sistemi ve tercihli ticaret anla\u015fmalar\u0131n\u0131n sa\u011flad\u0131\u011f\u0131 avantajlar anlat\u0131ld\u0131.<br \/>\n<br \/>Manisa Ticaret ve Sanayi Odas\u0131 ev sahipli\u011finde, T\u00fcrkiye Odalar ve Borsalar Birli\u011fi (TOBB) ile T.C. Ticaret Bakanl\u0131\u011f\u0131 i\u015f birli\u011finde d\u00fczenlenen &#8220;Pan Avrupa Akdeniz Tercihli Men\u015fe Kurallar\u0131 E\u011fitimi&#8221; yo\u011fun kat\u0131l\u0131mla ger\u00e7ekle\u015ftirildi. \u0130hracat\u00e7\u0131 firmalar\u0131n uluslararas\u0131 ticarette kar\u015f\u0131la\u015ft\u0131klar\u0131 g\u00fcncel uygulamalar hakk\u0131nda bilgi edinmelerini ama\u00e7layan program, Manisa i\u015f d\u00fcnyas\u0131 taraf\u0131ndan ilgiyle takip edildi.<br \/>\n<br \/>Manisa TSO Hizmet Binas\u0131\u2019nda d\u00fczenlenen programa Manisa TSO Y\u00f6netim Kurulu Ba\u015fkan Yard\u0131mc\u0131s\u0131 \u0130lker Bilgin, Y\u00f6netim Kurulu \u00dcyesi H\u00fcseyin Bezci, ihracat\u00e7\u0131 firmalar\u0131n temsilcileri ile d\u0131\u015f ticaret alan\u0131nda faaliyet g\u00f6steren \u00e7ok say\u0131da kat\u0131l\u0131mc\u0131 kat\u0131ld\u0131. G\u00fcn boyu s\u00fcren e\u011fitim program\u0131nda kat\u0131l\u0131mc\u0131lar, serbest ticaret anla\u015fmalar\u0131 ve tercihli ticaret sistemleri kapsam\u0131nda uygulanan men\u015fe kurallar\u0131na ili\u015fkin kapsaml\u0131 bilgiler edinme f\u0131rsat\u0131 buldu.<br \/>\n<br \/>Program\u0131n a\u00e7\u0131l\u0131\u015f\u0131nda konu\u015fan \u0130lker Bilgin, Manisa\u2019n\u0131n g\u00fc\u00e7l\u00fc sanayi altyap\u0131s\u0131 ve \u00fcretim kapasitesiyle T\u00fcrkiye ekonomisinin \u00f6nemli \u00fcretim merkezlerinden biri oldu\u011funu belirtti. Elektrik-elektronikten otomotive, makine imalat\u0131ndan g\u0131da ve tar\u0131ma kadar geni\u015f bir sekt\u00f6rel \u00e7e\u015fitlili\u011fe sahip olan Manisa\u2019n\u0131n artan ihracat performans\u0131yla \u00fclke ekonomisine \u00f6nemli katk\u0131lar sundu\u011funu ifade eden Bilgin, \u00f6zellikle Avrupa Birli\u011fi \u00fclkeleri ba\u015fta olmak \u00fczere Pan Avrupa Akdeniz b\u00f6lgesi ile y\u00fcr\u00fct\u00fclen ticaretin Manisa ihracat\u0131 a\u00e7\u0131s\u0131ndan stratejik \u00f6nem ta\u015f\u0131d\u0131\u011f\u0131n\u0131 s\u00f6yledi.<br \/>\n<br \/>\u0130hracat\u00e7\u0131 firmalar\u0131n uluslararas\u0131 pazarlarda rekabet g\u00fcc\u00fcn\u00fc koruyabilmesi i\u00e7in tercihli ticaret sistemlerinin do\u011fru uygulanmas\u0131n\u0131n b\u00fcy\u00fck \u00f6nem ta\u015f\u0131d\u0131\u011f\u0131n\u0131 vurgulayan Bilgin, men\u015fe kurallar\u0131n\u0131n do\u011fru \u015fekilde uygulanmas\u0131n\u0131n firmalara \u00f6nemli avantajlar sa\u011flad\u0131\u011f\u0131n\u0131 kaydetti. Manisa Ticaret ve Sanayi Odas\u0131 olarak \u00fcyelerin k\u00fcresel ticaret sistemine uyum sa\u011flamas\u0131 ve ihracat kapasitelerinin g\u00fc\u00e7lendirilmesi amac\u0131yla e\u011fitim ve bilgilendirme faaliyetlerine b\u00fcy\u00fck \u00f6nem verdiklerini belirten Bilgin, bu t\u00fcr programlar\u0131n i\u015f d\u00fcnyas\u0131 i\u00e7in \u00f6nemli bir rehber niteli\u011fi ta\u015f\u0131d\u0131\u011f\u0131n\u0131 ifade etti.<br \/>\n<br \/>Programda ayr\u0131ca Atilla Bast\u0131rmac\u0131 da bir de\u011ferlendirme yaparak tercihli ticaret anla\u015fmalar\u0131n\u0131n uluslararas\u0131 ticarette sa\u011flad\u0131\u011f\u0131 avantajlara de\u011findi. Bast\u0131rmac\u0131, Pan Avrupa Akdeniz Men\u015fe K\u00fcm\u00fclasyon Sistemi\u2019nin b\u00f6lgesel ticarette \u00f6nemli kolayl\u0131klar sa\u011flad\u0131\u011f\u0131n\u0131 belirterek, firmalar\u0131n bu sistemden etkin \u015fekilde yararlanabilmeleri i\u00e7in men\u015fe kurallar\u0131n\u0131 do\u011fru anlamalar\u0131n\u0131n b\u00fcy\u00fck \u00f6nem ta\u015f\u0131d\u0131\u011f\u0131n\u0131 ifade etti.<br \/>\n<br \/>E\u011fitim program\u0131 kapsam\u0131nda Talip Engin Kaya taraf\u0131ndan kat\u0131l\u0131mc\u0131lara serbest ticaret anla\u015fmalar\u0131 hakk\u0131nda genel bilgilendirme ve men\u015fe kurallar\u0131na giri\u015f konular\u0131nda sunum ger\u00e7ekle\u015ftirildi. Program\u0131n devam\u0131nda Talip Engin Kaya ve Ticaret Uzman Yard\u0131mc\u0131s\u0131 M. Kadir Sa\u011f\u0131rkaya taraf\u0131ndan yeni Pan Avrupa Akdeniz (PEM) sistemi kapsam\u0131nda yap\u0131lan d\u00fczenlemeler ve g\u00fcncel uygulamalar hakk\u0131nda detayl\u0131 bilgiler payla\u015f\u0131ld\u0131.<br \/>\n<br \/>Program\u0131n \u00f6\u011fleden sonraki oturumlar\u0131nda ise Ticaret Uzman\u0131 \u00c7a\u011fatay \u00c7al\u0131\u015fkan taraf\u0131ndan revize edilen PEM kurallar\u0131ndaki ana h\u00fck\u00fcmlerde yap\u0131lan de\u011fi\u015fiklikler, k\u00fcm\u00fclasyon imkanlar\u0131 ve liste kurallar\u0131ndaki g\u00fcncellemeler kat\u0131l\u0131mc\u0131lara kapsaml\u0131 \u015fekilde aktar\u0131ld\u0131. E\u011fitim kapsam\u0131nda ayr\u0131ca men\u015fe belgelendirme s\u00fcre\u00e7leri, uygulamada kar\u015f\u0131la\u015f\u0131lan \u00f6rnek durumlar ve Birle\u015fik Krall\u0131k ile y\u00fcr\u00fcrl\u00fckte bulunan serbest ticaret anla\u015fmas\u0131 \u00e7er\u00e7evesinde uygulanan men\u015fe kurallar\u0131 da ele al\u0131nd\u0131.<br \/>\n<br \/>G\u00fcn boyu s\u00fcren e\u011fitim program\u0131 boyunca kat\u0131l\u0131mc\u0131lar, ihracat i\u015flemlerinde s\u0131k\u00e7a kar\u015f\u0131la\u015f\u0131lan uygulamalar ve g\u00fcncel mevzuata ili\u015fkin \u00f6nemli bilgiler edinme f\u0131rsat\u0131 buldu. Program\u0131n sonunda ger\u00e7ekle\u015ftirilen soru-cevap b\u00f6l\u00fcm\u00fcnde kat\u0131l\u0131mc\u0131lar merak ettikleri konular\u0131 Ticaret Bakanl\u0131\u011f\u0131 uzmanlar\u0131na y\u00f6nelterek detayl\u0131 bilgi alma imk\u00e2n\u0131 elde etti.<br \/>\n<br \/>Manisa Ticaret ve Sanayi Odas\u0131 yetkilileri, \u00fcyelerin uluslararas\u0131 ticaret kurallar\u0131na uyum sa\u011flamas\u0131, ihracat kapasitesinin geli\u015ftirilmesi ve k\u00fcresel pazarlardaki rekabet g\u00fcc\u00fcn\u00fcn art\u0131r\u0131lmas\u0131 amac\u0131yla e\u011fitim ve bilgilendirme faaliyetlerinin \u00f6n\u00fcm\u00fczdeki d\u00f6nemde de devam edece\u011fini bildirdi.<br \/><\/p>\n","protected":false},"excerpt":{"rendered":"<p>Manisa\u2019da d\u00fczenlenen e\u011fitim program\u0131nda ihracat\u00e7\u0131 firmalara, Pan Avrupa Akdeniz Men\u015fe K\u00fcm\u00fclasyon Sistemi ve tercihli ticaret anla\u015fmalar\u0131n\u0131n sa\u011flad\u0131\u011f\u0131 avantajlar anlat\u0131ld\u0131. Manisa Ticaret ve Sanayi Odas\u0131 ev sahipli\u011finde, T\u00fcrkiye Odalar ve Borsalar Birli\u011fi (TOBB) ile T.C. Ticaret Bakanl\u0131\u011f\u0131 i\u015f birli\u011finde d\u00fczenlenen &#8220;Pan Avrupa Akdeniz Tercihli Men\u015fe Kurallar\u0131 E\u011fitimi&#8221; yo\u011fun kat\u0131l\u0131mla ger\u00e7ekle\u015ftirildi. \u0130hracat\u00e7\u0131 firmalar\u0131n uluslararas\u0131 ticarette kar\u015f\u0131la\u015ft\u0131klar\u0131 g\u00fcncel&#8230;<\/p>\n","protected":false},"author":1,"featured_media":93928,"comment_status":"open","ping_status":"open","sticky":false,"template":"","format":"standard","meta":{"_crdt_document":"","footnotes":""},"categories":[125],"tags":[],"class_list":["post-93927","post","type-post","status-publish","format-standard","has-post-thumbnail","hentry","category-ekonomi"],"_links":{"self":[{"href":"https:\/\/www.egemtv.com\/index.php?rest_route=\/wp\/v2\/posts\/93927","targetHints":{"allow":["GET"]}}],"collection":[{"href":"https:\/\/www.egemtv.com\/index.php?rest_route=\/wp\/v2\/posts"}],"about":[{"href":"https:\/\/www.egemtv.com\/index.php?rest_route=\/wp\/v2\/types\/post"}],"author":[{"embeddable":true,"href":"https:\/\/www.egemtv.com\/index.php?rest_route=\/wp\/v2\/users\/1"}],"replies":[{"embeddable":true,"href":"https:\/\/www.egemtv.com\/index.php?rest_route=%2Fwp%2Fv2%2Fcomments&post=93927"}],"version-history":[{"count":1,"href":"https:\/\/www.egemtv.com\/index.php?rest_route=\/wp\/v2\/posts\/93927\/revisions"}],"predecessor-version":[{"id":93929,"href":"https:\/\/www.egemtv.com\/index.php?rest_route=\/wp\/v2\/posts\/93927\/revisions\/93929"}],"wp:featuredmedia":[{"embeddable":true,"href":"https:\/\/www.egemtv.com\/index.php?rest_route=\/wp\/v2\/media\/93928"}],"wp:attachment":[{"href":"https:\/\/www.egemtv.com\/index.php?rest_route=%2Fwp%2Fv2%2Fmedia&parent=93927"}],"wp:term":[{"taxonomy":"category","embeddable":true,"href":"https:\/\/www.egemtv.com\/index.php?rest_route=%2Fwp%2Fv2%2Fcategories&post=93927"},{"taxonomy":"post_tag","embeddable":true,"href":"https:\/\/www.egemtv.com\/index.php?rest_route=%2Fwp%2Fv2%2Ftags&post=93927"}],"curies":[{"name":"wp","href":"https:\/\/api.w.org\/{rel}","templated":true}]}}