{"id":93924,"date":"2026-03-13T14:14:42","date_gmt":"2026-03-13T11:14:42","guid":{"rendered":"https:\/\/www.egemtv.com\/?p=93924"},"modified":"2026-03-13T14:14:43","modified_gmt":"2026-03-13T11:14:43","slug":"dsiden-manisaya-23-yilda-221-su-tesisi","status":"publish","type":"post","link":"https:\/\/www.egemtv.com\/?p=93924","title":{"rendered":"DS\u0130\u2019den Manisa\u2019ya 23 y\u0131lda 221 su tesisi"},"content":{"rendered":"<p>Devlet Su \u0130\u015fleri (DS\u0130) Genel M\u00fcd\u00fcrl\u00fc\u011f\u00fc taraf\u0131ndan son 23 y\u0131lda Manisa\u2019ya 38,6 milyar liral\u0131k yat\u0131r\u0131m yap\u0131l\u0131rken, in\u015fa edilen 221 su tesisiyle hem tar\u0131msal \u00fcretim g\u00fc\u00e7lendirildi hem de b\u00f6lge ekonomisine y\u0131lda yakla\u015f\u0131k 4,2 milyar liral\u0131k katk\u0131 sa\u011fland\u0131.<br \/>\n<br \/>Tar\u0131m ve Orman Bakanl\u0131\u011f\u0131 Devlet Su \u0130\u015fleri (DS\u0130) Genel M\u00fcd\u00fcrl\u00fc\u011f\u00fc, son 23 y\u0131lda Manisa\u2019da ger\u00e7ekle\u015ftirdi\u011fi yat\u0131r\u0131mlarla kentin su altyap\u0131s\u0131n\u0131 \u00f6nemli \u00f6l\u00e7\u00fcde g\u00fc\u00e7lendirdi. Toplam 38 milyar 671 milyon liral\u0131k yat\u0131r\u0131m kapsam\u0131nda 221 su tesisi vatanda\u015flar\u0131n hizmetine sunulurken, yap\u0131lan \u00e7al\u0131\u015fmalarla b\u00f6lge ekonomisine y\u0131lda yakla\u015f\u0131k 4,2 milyar liral\u0131k katk\u0131 sa\u011fland\u0131.<br \/>\n<br \/>Tar\u0131mda modern sulamay\u0131 yayg\u0131nla\u015ft\u0131rmak, arazi toplula\u015ft\u0131rma \u00e7al\u0131\u015fmalar\u0131yla verimlili\u011fi art\u0131rmak, yerle\u015fim yerlerini ta\u015fk\u0131n risklerine kar\u015f\u0131 korumak ve i\u00e7me suyunu g\u00fcvenli \u015fekilde vatanda\u015flara ula\u015ft\u0131rmak amac\u0131yla \u00e7al\u0131\u015fmalar\u0131n\u0131 s\u00fcrd\u00fcren DS\u0130, s\u00fcrd\u00fcr\u00fclebilir su y\u00f6netimi anlay\u0131\u015f\u0131yla yat\u0131r\u0131mlar\u0131na devam ediyor.<br \/>\n<br \/>DS\u0130 Genel M\u00fcd\u00fcr\u00fc Mehmet Akif Balta, k\u00fcresel \u0131s\u0131nma ve iklim de\u011fi\u015fikli\u011finin etkilerinin giderek daha fazla hissedildi\u011fini belirterek su yap\u0131lar\u0131n\u0131n \u00f6neminin her ge\u00e7en g\u00fcn artt\u0131\u011f\u0131n\u0131 ifade etti. Balta, iklim de\u011fi\u015fikli\u011fine ba\u011fl\u0131 olarak suyun zamansal ve mek\u00e2nsal da\u011f\u0131l\u0131m\u0131nda belirsizliklerin artt\u0131\u011f\u0131n\u0131 ve bunun da kurakl\u0131k ve ta\u015fk\u0131n gibi afetlerin say\u0131s\u0131n\u0131 ve \u015fiddetini art\u0131rd\u0131\u011f\u0131n\u0131 s\u00f6yledi. Bu nedenle \u00f6zellikle depolama tesislerinin kritik bir rol \u00fcstlendi\u011fini vurgulad\u0131.<br \/>\n<br \/>Depolama tesislerinin kurak d\u00f6nemlerde vatanda\u015flar ve t\u00fcm sekt\u00f6rler i\u00e7in b\u00fcy\u00fck g\u00fcvence oldu\u011funu belirten Balta, havza \u00f6zelliklerine g\u00f6re planlanan su depolama tesislerinin hem kurakl\u0131k hem de ta\u015fk\u0131n gibi ekstrem olaylara kar\u015f\u0131 ekonomik ve sosyal direnci art\u0131ran hayati altyap\u0131lar oldu\u011funu dile getirdi.<br \/>\n<br \/>Balta ayr\u0131ca suyu depolamak kadar suyun son kullan\u0131c\u0131ya en az kay\u0131pla ula\u015ft\u0131r\u0131lmas\u0131n\u0131n da b\u00fcy\u00fck \u00f6nem ta\u015f\u0131d\u0131\u011f\u0131n\u0131 belirterek, \u00f6zellikle tar\u0131m sekt\u00f6r\u00fcnde bas\u0131n\u00e7l\u0131 borulu sulama sistemlerinin yayg\u0131nla\u015ft\u0131r\u0131lmas\u0131, yapay zeka destekli sulama otomasyonu ve elektronik \u00f6l\u00e7\u00fcm sistemlerinin kullan\u0131lmas\u0131yla suyun daha verimli kullan\u0131lmas\u0131 ad\u0131na \u00f6nemli ilerleme kaydedildi\u011fini s\u00f6yledi.<\/p>\n<p>Manisa\u2019ya 34 baraj, 14 g\u00f6let<br \/>\n<br \/>Manisa\u2019n\u0131n \u00fcz\u00fcm ve zeytin ba\u015fta olmak \u00fczere bir\u00e7ok tar\u0131m \u00fcr\u00fcn\u00fcnde T\u00fcrkiye\u2019nin \u00f6nemli \u00fcretim merkezlerinden biri oldu\u011funu belirten Balta, son 23 y\u0131lda kentte \u00f6nemli yat\u0131r\u0131mlar ger\u00e7ekle\u015ftirildi\u011fini s\u00f6yledi.<br \/>\n<br \/>Balta, &#8220;Manisa\u2019da 2003 y\u0131l\u0131ndan bu yana 34 baraj, 14 g\u00f6let ve 16 yeralt\u0131 depolamas\u0131 in\u015fa ettik. Toplam 64 depolama tesisiyle Manisa\u2019n\u0131n su depolama hacmine 596 milyon metrek\u00fcp ilave ederek toplam kapasiteyi 1,82 milyar metrek\u00fcpe \u00e7\u0131kard\u0131k&#8221; dedi.<\/p>\n<p>245 bin dekar arazi sulamaya a\u00e7\u0131ld\u0131<br \/>\n<br \/>Manisa\u2019da modern sulama yat\u0131r\u0131mlar\u0131na da b\u00fcy\u00fck \u00f6nem verildi\u011fini ifade eden Balta, son 23 y\u0131lda 73 sulama tesisinin tamamland\u0131\u011f\u0131n\u0131 belirtti. Bu yat\u0131r\u0131mlarla 244 bin 805 dekar tar\u0131m arazisinin borulu bas\u0131n\u00e7l\u0131 modern sulama sistemiyle sulamaya a\u00e7\u0131ld\u0131\u011f\u0131n\u0131 kaydeden Balta, s\u00f6z konusu projelerin b\u00f6lge ve \u00fclke ekonomisine y\u0131lda ortalama 4,09 milyar liral\u0131k katk\u0131 sa\u011flad\u0131\u011f\u0131n\u0131 vurgulad\u0131.<\/p>\n<p>78 ta\u015fk\u0131n koruma tesisi<br \/>\n<br \/>Do\u011fal afetlere kar\u015f\u0131 \u00f6nlem alma konusunda da \u00e7al\u0131\u015fmalar y\u00fcr\u00fctt\u00fcklerini belirten Balta, \u00f6zellikle ta\u015fk\u0131n riskine kar\u015f\u0131 \u00f6nemli yat\u0131r\u0131mlar yapt\u0131klar\u0131n\u0131 s\u00f6yledi.<br \/>\n<br \/>Balta, &#8220;Manisa\u2019da son 23 y\u0131lda 78 ta\u015fk\u0131n koruma tesisini tamamlad\u0131k. Bu projelerle binlerce dekar araziyi ve bir\u00e7ok yerle\u015fim yerini ta\u015fk\u0131n riskine kar\u015f\u0131 koruma alt\u0131na ald\u0131k. \u00c7al\u0131\u015fmalar\u0131m\u0131z aral\u0131ks\u0131z devam ediyor&#8221; diye konu\u015ftu.<\/p>\n<p>Arazi toplula\u015ft\u0131rma projeleri<br \/>\n<br \/>Manisa\u2019da arazi toplula\u015ft\u0131rma \u00e7al\u0131\u015fmalar\u0131n\u0131n da s\u00fcrd\u00fc\u011f\u00fcn\u00fc ifade eden Balta, 3 arazi toplula\u015ft\u0131rma ve tarla i\u00e7i geli\u015ftirme hizmetleri projesinin tamamland\u0131\u011f\u0131n\u0131 belirtti.<br \/>\n<br \/>Toplam 119 bin 450 dekar arazide tescil \u00e7al\u0131\u015fmalar\u0131n\u0131n tamamland\u0131\u011f\u0131n\u0131 kaydeden Balta, projeler sayesinde b\u00f6lgede y\u0131ll\u0131k 116 milyon 822 bin liral\u0131k zirai gelir art\u0131\u015f\u0131 sa\u011fland\u0131\u011f\u0131n\u0131 s\u00f6yledi.<\/p>\n<p>Enerji \u00fcretimine katk\u0131<br \/>\n<br \/>Suyun ayn\u0131 zamanda enerji \u00fcretiminde de \u00f6nemli bir kaynak oldu\u011funu ifade eden Balta, Manisa\u2019da kurulu 2 hidroelektrik santralinin toplam 10 megavat kurulu g\u00fcce ve y\u0131ll\u0131k 23 milyon kilovatsaat enerji \u00fcretim potansiyeline sahip oldu\u011funu belirtti.<br \/>\n<br \/>Balta s\u00f6zlerini, &#8220;DS\u0130 olarak \u2018su vatand\u0131r\u2019 anlay\u0131\u015f\u0131yla \u00e7al\u0131\u015fmalar\u0131m\u0131z\u0131 s\u00fcrd\u00fcr\u00fcyoruz. Suyumuzu korumakla vatan\u0131m\u0131z\u0131 korumak aras\u0131nda hi\u00e7bir fark g\u00f6rm\u00fcyoruz. Her damla suyu son damlas\u0131ym\u0131\u015f gibi kullanmal\u0131y\u0131z&#8221; diyerek tamamlad\u0131.<br \/><\/p>\n","protected":false},"excerpt":{"rendered":"<p>Devlet Su \u0130\u015fleri (DS\u0130) Genel M\u00fcd\u00fcrl\u00fc\u011f\u00fc taraf\u0131ndan son 23 y\u0131lda Manisa\u2019ya 38,6 milyar liral\u0131k yat\u0131r\u0131m yap\u0131l\u0131rken, in\u015fa edilen 221 su tesisiyle hem tar\u0131msal \u00fcretim g\u00fc\u00e7lendirildi hem de b\u00f6lge ekonomisine y\u0131lda yakla\u015f\u0131k 4,2 milyar liral\u0131k katk\u0131 sa\u011fland\u0131. Tar\u0131m ve Orman Bakanl\u0131\u011f\u0131 Devlet Su \u0130\u015fleri (DS\u0130) Genel M\u00fcd\u00fcrl\u00fc\u011f\u00fc, son 23 y\u0131lda Manisa\u2019da ger\u00e7ekle\u015ftirdi\u011fi yat\u0131r\u0131mlarla kentin su altyap\u0131s\u0131n\u0131&#8230;<\/p>\n","protected":false},"author":1,"featured_media":93925,"comment_status":"open","ping_status":"open","sticky":false,"template":"","format":"standard","meta":{"_crdt_document":"","footnotes":""},"categories":[125],"tags":[],"class_list":["post-93924","post","type-post","status-publish","format-standard","has-post-thumbnail","hentry","category-ekonomi"],"_links":{"self":[{"href":"https:\/\/www.egemtv.com\/index.php?rest_route=\/wp\/v2\/posts\/93924","targetHints":{"allow":["GET"]}}],"collection":[{"href":"https:\/\/www.egemtv.com\/index.php?rest_route=\/wp\/v2\/posts"}],"about":[{"href":"https:\/\/www.egemtv.com\/index.php?rest_route=\/wp\/v2\/types\/post"}],"author":[{"embeddable":true,"href":"https:\/\/www.egemtv.com\/index.php?rest_route=\/wp\/v2\/users\/1"}],"replies":[{"embeddable":true,"href":"https:\/\/www.egemtv.com\/index.php?rest_route=%2Fwp%2Fv2%2Fcomments&post=93924"}],"version-history":[{"count":1,"href":"https:\/\/www.egemtv.com\/index.php?rest_route=\/wp\/v2\/posts\/93924\/revisions"}],"predecessor-version":[{"id":93926,"href":"https:\/\/www.egemtv.com\/index.php?rest_route=\/wp\/v2\/posts\/93924\/revisions\/93926"}],"wp:featuredmedia":[{"embeddable":true,"href":"https:\/\/www.egemtv.com\/index.php?rest_route=\/wp\/v2\/media\/93925"}],"wp:attachment":[{"href":"https:\/\/www.egemtv.com\/index.php?rest_route=%2Fwp%2Fv2%2Fmedia&parent=93924"}],"wp:term":[{"taxonomy":"category","embeddable":true,"href":"https:\/\/www.egemtv.com\/index.php?rest_route=%2Fwp%2Fv2%2Fcategories&post=93924"},{"taxonomy":"post_tag","embeddable":true,"href":"https:\/\/www.egemtv.com\/index.php?rest_route=%2Fwp%2Fv2%2Ftags&post=93924"}],"curies":[{"name":"wp","href":"https:\/\/api.w.org\/{rel}","templated":true}]}}