{"id":93918,"date":"2026-03-13T13:35:31","date_gmt":"2026-03-13T10:35:31","guid":{"rendered":"https:\/\/www.egemtv.com\/?p=93918"},"modified":"2026-03-13T13:35:31","modified_gmt":"2026-03-13T10:35:31","slug":"ak-parti-genclik-kollari-genel-baskani-ibis-denizlide-genclerle-iftarda-bulustu","status":"publish","type":"post","link":"https:\/\/www.egemtv.com\/?p=93918","title":{"rendered":"AK Parti Gen\u00e7lik Kollar\u0131 Genel Ba\u015fkan\u0131 \u0130bi\u015f Denizli\u2019de gen\u00e7lerle iftarda bulu\u015ftu"},"content":{"rendered":"<p>AK Parti Gen\u00e7lik Kollar\u0131 Genel Ba\u015fkan\u0131 Yusuf \u0130bi\u015f, Denizli te\u015fkilat\u0131n\u0131 ziyaret ederek d\u00fczenlenen iftar program\u0131nda gen\u00e7lerle bir araya geldi. Programda te\u015fkilat \u00e7al\u0131\u015fmalar\u0131 ve gen\u00e7li\u011fin siyasetteki rol\u00fcne vurgu yap\u0131ld\u0131.<br \/>\n<br \/>AK Parti Gen\u00e7lik Kollar\u0131 Genel Ba\u015fkan\u0131 Yusuf \u0130bi\u015f, Denizli te\u015fkilat\u0131n\u0131 ziyaret ederek d\u00fczenlenen iftar program\u0131nda gen\u00e7lerle bir araya geldi. Yo\u011fun kat\u0131l\u0131m\u0131n oldu\u011fu programda gen\u00e7lerle birlikte iftar yapan AK Parti Gen\u00e7lik Kollar\u0131 Genel Ba\u015fkan\u0131 \u0130bi\u015f, Ramazan ay\u0131n\u0131n birlik ve beraberlik ruhuna dikkat \u00e7ekti.<br \/>\n<br \/>Programda konu\u015fan AK Parti Gen\u00e7lik Kollar\u0131 Genel Ba\u015fkan\u0131 Yusuf \u0130bi\u015f, Ramazan ay\u0131n\u0131n T\u00fcrkiye genelinde farkl\u0131 etkinliklerle co\u015fkuyla ya\u015fand\u0131\u011f\u0131n\u0131 belirterek, &#8220;Bizler bu Ramazan\u2019\u0131 bamba\u015fka bir \u015fekilde de\u011ferlendiriyoruz. T\u00fcrkiye\u2019nin 81 ilinde, 922 il\u00e7esinde ve 207 \u00fcniversitesinde Ramazan co\u015fkusunu hep birlikte ger\u00e7ekle\u015ftiriyoruz. Denizli Gen\u00e7lik Kollar\u0131m\u0131z da her ge\u00e7en g\u00fcn ivmesini art\u0131rarak yoluna devam ediyor&#8221; dedi.<br \/>\n<br \/>AK Parti Gen\u00e7lik Kollar\u0131 Genel Ba\u015fkan\u0131 \u0130bi\u015f, gen\u00e7lerin \u015fehrin ve \u00fclkenin gelece\u011finde \u00f6nemli rol oynad\u0131\u011f\u0131n\u0131 vurgulayarak, &#8220;Bir oy vermekle kalmayaca\u011f\u0131z. \u015eehrimizin gelece\u011fine sahip \u00e7\u0131kaca\u011f\u0131z. Hizmet belediyecili\u011finin AK Parti ile birlikte nas\u0131l bir noktaya geldi\u011fini g\u00f6stermek i\u00e7in gen\u00e7li\u011fin enerjisiyle \u00e7al\u0131\u015fmaya devam edece\u011fiz. \u0130n\u015fallah 2028\u2019de Cumhurba\u015fkan\u0131m\u0131z\u0131 rekor bir oyla destekleyece\u011fiz ve Denizli\u2019de AK Parti belediyecili\u011fini b\u00fcy\u00fck\u015fehrimiz ve t\u00fcm il\u00e7elerimizle birlikte ya\u015fataca\u011f\u0131z&#8221; ifadelerini kulland\u0131.<br \/>\n<br \/>AK Parti Denizli \u0130l Ba\u015fkan\u0131 Muhammet Suba\u015f\u0131o\u011flu ise konu\u015fmas\u0131nda Denizli\u2019de te\u015fkilat\u0131n yeniden g\u00fc\u00e7l\u00fc bir yap\u0131lanma s\u00fcrecine girdi\u011fini belirterek, &#8220;2024 y\u0131l\u0131nda Denizli\u2019de arzu etti\u011fimiz sonu\u00e7lar\u0131 alamam\u0131\u015ft\u0131k ancak hem ana kademe hem de gen\u00e7lik kollar\u0131m\u0131zdaki yeni yap\u0131lanmayla birlikte Denizli\u2019de yeniden bir dirili\u015fe hep birlikte \u015fahitlik ediyoruz. Bug\u00fcn bu salon da bunun en g\u00fc\u00e7l\u00fc i\u015faretlerinden biri. Sizler Denizli\u2019nin gelece\u011fisiniz. Bu salonda bulunan gen\u00e7lerimizin ilerleyen d\u00f6nemlerde Denizli\u2019nin milletvekilleri ve belediye ba\u015fkanlar\u0131 olaca\u011f\u0131na inan\u0131yorum&#8221; dedi.<br \/>\n<br \/>AK Parti Denizli Gen\u00e7lik Kollar\u0131 Ba\u015fkan\u0131 Mahmut Mert \u00c7elik de yapt\u0131\u011f\u0131 konu\u015fmada gen\u00e7li\u011fin sahadaki \u00e7al\u0131\u015fmalar\u0131na dikkat \u00e7ekerek, &#8220;Bu sofra davam\u0131za olan sevdam\u0131z\u0131n, milletimize olan sevgimizin ve gelece\u011fe dair g\u00fc\u00e7l\u00fc inanc\u0131m\u0131z\u0131n en g\u00fczel g\u00f6stergesidir. Denizli Gen\u00e7lik Kollar\u0131 olarak gen\u00e7li\u011fin heyecan\u0131n\u0131 ve enerjisini sahaya yans\u0131tmaya devam edece\u011fiz. 19 il\u00e7emizin tamam\u0131nda girilmedik mahalle, \u00e7al\u0131nmad\u0131k kap\u0131, s\u0131k\u0131lmad\u0131k el b\u0131rakmayana kadar \u00e7al\u0131\u015fmay\u0131 s\u00fcrd\u00fcrece\u011fiz&#8221; ifadelerini kulland\u0131.<br \/>\n<br \/>Program, gen\u00e7lerle yap\u0131lan sohbetlerin ard\u0131ndan sona erdi.<br \/><\/p>\n","protected":false},"excerpt":{"rendered":"<p>AK Parti Gen\u00e7lik Kollar\u0131 Genel Ba\u015fkan\u0131 Yusuf \u0130bi\u015f, Denizli te\u015fkilat\u0131n\u0131 ziyaret ederek d\u00fczenlenen iftar program\u0131nda gen\u00e7lerle bir araya geldi. Programda te\u015fkilat \u00e7al\u0131\u015fmalar\u0131 ve gen\u00e7li\u011fin siyasetteki rol\u00fcne vurgu yap\u0131ld\u0131. AK Parti Gen\u00e7lik Kollar\u0131 Genel Ba\u015fkan\u0131 Yusuf \u0130bi\u015f, Denizli te\u015fkilat\u0131n\u0131 ziyaret ederek d\u00fczenlenen iftar program\u0131nda gen\u00e7lerle bir araya geldi. Yo\u011fun kat\u0131l\u0131m\u0131n oldu\u011fu programda gen\u00e7lerle birlikte iftar yapan&#8230;<\/p>\n","protected":false},"author":1,"featured_media":93919,"comment_status":"open","ping_status":"open","sticky":false,"template":"","format":"standard","meta":{"_crdt_document":"","footnotes":""},"categories":[127],"tags":[],"class_list":["post-93918","post","type-post","status-publish","format-standard","has-post-thumbnail","hentry","category-siyaset"],"_links":{"self":[{"href":"https:\/\/www.egemtv.com\/index.php?rest_route=\/wp\/v2\/posts\/93918","targetHints":{"allow":["GET"]}}],"collection":[{"href":"https:\/\/www.egemtv.com\/index.php?rest_route=\/wp\/v2\/posts"}],"about":[{"href":"https:\/\/www.egemtv.com\/index.php?rest_route=\/wp\/v2\/types\/post"}],"author":[{"embeddable":true,"href":"https:\/\/www.egemtv.com\/index.php?rest_route=\/wp\/v2\/users\/1"}],"replies":[{"embeddable":true,"href":"https:\/\/www.egemtv.com\/index.php?rest_route=%2Fwp%2Fv2%2Fcomments&post=93918"}],"version-history":[{"count":1,"href":"https:\/\/www.egemtv.com\/index.php?rest_route=\/wp\/v2\/posts\/93918\/revisions"}],"predecessor-version":[{"id":93920,"href":"https:\/\/www.egemtv.com\/index.php?rest_route=\/wp\/v2\/posts\/93918\/revisions\/93920"}],"wp:featuredmedia":[{"embeddable":true,"href":"https:\/\/www.egemtv.com\/index.php?rest_route=\/wp\/v2\/media\/93919"}],"wp:attachment":[{"href":"https:\/\/www.egemtv.com\/index.php?rest_route=%2Fwp%2Fv2%2Fmedia&parent=93918"}],"wp:term":[{"taxonomy":"category","embeddable":true,"href":"https:\/\/www.egemtv.com\/index.php?rest_route=%2Fwp%2Fv2%2Fcategories&post=93918"},{"taxonomy":"post_tag","embeddable":true,"href":"https:\/\/www.egemtv.com\/index.php?rest_route=%2Fwp%2Fv2%2Ftags&post=93918"}],"curies":[{"name":"wp","href":"https:\/\/api.w.org\/{rel}","templated":true}]}}